{"id":1167,"date":"2015-04-01T10:15:54","date_gmt":"2015-04-01T08:15:54","guid":{"rendered":"http:\/\/gyorgydragoman.com\/?p=1167"},"modified":"2015-04-01T10:16:30","modified_gmt":"2015-04-01T08:16:30","slug":"dragoman-gyorgy-a-regi-frakk","status":"publish","type":"post","link":"https:\/\/gyorgydragoman.com\/?p=1167","title":{"rendered":"Dragom\u00e1n Gy\u00f6rgy: A r\u00e9gi frakk"},"content":{"rendered":"<p>Nagymama eg\u00e9sz nap az \u00faj\u00e9vi koncertet n\u00e9zi a vide\u00f3magn\u00f3val, amit az angyal hozott neki, m\u00e1r h\u00e1romszor vagy n\u00e9gyszer vagy \u00f6tsz\u00f6r vagy hatszor vagy h\u00e9tszer is megn\u00e9zte, nem is tudjuk m\u00e1r sz\u00e1molni Nagyap\u00e1val, hogy h\u00e1nyszor, nem tudjuk \u00e9s nem is akarjuk. Nagyap\u00e1nak nagyon f\u00e1j m\u00e1r a feje a K\u00e9k Duna kering\u0151t\u0151l meg a Radecki marst\u00f3l, csendet akar, \u00e9n is csendet akarok. Nagyapa azt mondja, Nagymam\u00e1nak hi\u00e1ba sz\u00f3lunk, \u0151 nem fogja se kikapcsolni, se lehalk\u00edtani, csak m\u00e9g ann\u00e1l is jobban felhangos\u00edtsa, tudja \u0151 j\u00f3l, ismeri \u0151 j\u00f3l, negyven \u00e9v alatt volt m\u00f3dja megismerni.<br \/>\n\tHi\u00e1ba csukjuk be Nagyapa szob\u00e1j\u00e1nak ajtaj\u00e1t, \u00fagyis behallatszik. Hi\u00e1ba akasztjuk r\u00e1 a tevesz\u0151r takar\u00f3t az ajt\u00f3ra, az se seg\u00edt. Hi\u00e1ba fogjuk be a f\u00fcl\u00fcnket, hi\u00e1ba dugunk bele vatt\u00e1t, hi\u00e1ba farag Nagyapa f\u00fcldug\u00f3kat parafadug\u00f3b\u00f3l, hi\u00e1ba h\u00fazzunk be a fej\u00fcnkbe a legvastagabb sapk\u00e1nkat, \u00fagyis halljuk a kering\u0151ket, majdnem olyan hangosan, minthogyha mi is ott lenn\u00e9nk Nagymama mellett. Nem is Nagymama mellett, hanem mindj\u00e1rt a n\u00e9z\u0151t\u00e9r kell\u0151s k\u00f6zep\u00e9n.<br \/>\n\tNagyapa azt mondja, pr\u00f3b\u00e1ljuk meg m\u00e9gis. Menjek be \u00e9s k\u00e9rjem meg sz\u00e9pen Nagymam\u00e1t, hogy halk\u00edtsa le, h\u00e1tha most az egyszer megesik rajtunk a sz\u00edve \u00e9s meghallgatja a k\u00edv\u00e1ns\u00e1gunkat.<br \/>\n\tBemegyek \u00e9s meg\u00e1llok a t\u00e9v\u00e9 mellett, l\u00e1tom, hogy egy hatalmas nagy terembe keringenek egym\u00e1s k\u00f6r\u00fcl a p\u00e1rok. Nagymama a legszebb ruh\u00e1j\u00e1ban \u00fcl a saj\u00e1t f\u00fcles fotel\u00e9ben a t\u00e9v\u00e9 el\u0151tt, az \u0151 fotelje pont olyan, mint a Nagyapj\u00e1\u00e9, csak az \u00f6v\u00e9nek m\u00e9g l\u00e1tszik a vir\u00e1gminta a huzatj\u00e1n, \u00e9s \u0151, hogyha akar, akkor ki is tud sz\u00e1llni bel\u0151le, nem mint szeg\u00e9ny Nagyapa a saj\u00e1tj\u00e1b\u00f3l.<br \/>\n\tNagymama a t\u00e9v\u00e9t n\u00e9zi, \u00e9s k\u00f6zben van\u00edli\u00e1s kifliket eszik. A sz\u00e1jamhoz emelem a kezem \u00e9s t\u00f6lcs\u00e9rt csin\u00e1lok bel\u0151le, \u00e9s azt ki\u00e1ltom, hogy Nagymama dr\u00e1ga, Nagyapa nagyon sz\u00e9pen k\u00e9ri, hogy tess\u00e9k egy kicsit lehalk\u00edtani, de Nagymama erre azt ki\u00e1lltja, sz\u00f3 sem lehet r\u00f3la, ki van z\u00e1rva. \u00c9s punktum.<br \/>\n\tAmikor visszamegyek a szob\u00e1ba \u00e9s megmondom Nagyap\u00e1nak, akkor a f\u00fcl\u00e9re szor\u00edtja mind a k\u00e9t tenyer\u00e9t, \u00e9s azt kiab\u00e1lja, hogy \u0151 ezt m\u00e1r nem b\u00edrja tov\u00e1bb, ezt t\u00e9nyleg nem lehet tov\u00e1bb kib\u00edrni. Musz\u00e1j lesz most m\u00e1r valamit kital\u00e1ljunk, ez olyan hangos, hogyha olvadt viaszt dugn\u00e1k a f\u00fcl\u00fcnkbe, mint Od\u00fcsszeusznak a haj\u00f3st\u00e1rsai, akkor is tiszt\u00e1n hallan\u00e1nk, mert ez m\u00e9g a szir\u00e9nek \u00e9nek\u00e9n\u00e9l is sz\u00e1zszor vagy ezerszer hangosabb. Nem nem, itt m\u00e1r csak a csel seg\u00edt.<br \/>\n\tNagyapa megford\u00edtja a botj\u00e1t, amennyire tud, \u00fclt\u00e9ben lehajol \u00e9s beakasztja a botja a kamp\u00f3s nyel\u00e9t az \u00e1gy alatt a nagy b\u0151r\u00f6nd f\u00fcl\u00e9be, \u00e9s lassan kih\u00fazza onnan, \u00e9s azt mondja, hogy nyissam ki.<br \/>\n\tA b\u0151r\u00f6nd olyan nagy, hogy nagyobb mint \u00e9n, alig tudom kikattintani rajta a k\u00e9t z\u00e1rat, a fedel\u00e9t is neh\u00e9z felemelni. Nagyapa belez\u00f6rget a selyempap\u00edrok k\u00f6z\u00e9, azt ki\u00e1ltja, hogy tudjam, meg, hogy ez itt az \u0151 b\u00e1li ruh\u00e1ja, \u00e9let\u00e9lben csak egyszer volt rajta, h\u00e1t most ezzel fogjuk t\u0151rbe csalni Nagymam\u00e1t, \u0151 majd mondja, hogy mit csin\u00e1ljak.<br \/>\n\tAmikor megint visszamegyek Nagymama szob\u00e1j\u00e1ba, mindet \u00fagy csin\u00e1lok, ahogy Nagyapa mondta. Vigy\u00e1zok, hogy ne l\u00e9pjek r\u00e1 a frakk sz\u00e1rnyaira, vigy\u00e1zok, hogy ne essen a fejembe a naftalinszag\u00fa cilinder, vigy\u00e1zok, hogy ne cs\u00fasszon ki a kab\u00e1t felhajtott ujja al\u00f3l a feh\u00e9r ing, \u00e9s ne cs\u00fasszon le a kezemr\u0151l a feh\u00e9r keszty\u0171 se. Meg\u00e1llok Nagymama el\u0151tt, \u00e9s leveszem a fejemr\u0151l a cilindert, \u00e9s azt mondom, amire Nagyapa tan\u00edtott: Kisasszony, szabd egy t\u00e1ncra? \u00c9s akkor pont \u00fagy t\u00f6rt\u00e9nik minden, ahogy Nagyapa mondta. Nagymama leteszi t\u00e1vkapcsol\u00f3t, \u00e9s \u00f6sszecsapja a kez\u00e9t, \u00e9s azt mondja, m\u00e9g ilyet, tiszt\u00e1ra olyan vagy, mint a Nagyap\u00e1d volt, \u00e9s fel\u00e1ll, \u00e9s megfogja a kezem, \u00e9s a derek\u00e1ra teszi \u00e9s a m\u00e1sik kezem meg a kez\u00e9be fogja, \u00e9s k\u00f6rbeforgat, felemel \u00e9s visz mag\u00e1val. K\u00f6rbet\u00e1ncoljuk a f\u00fclesfotelt \u00e9s a kisasztalt, \u00e9s \u00e1tt\u00e1ncolunk a kopott perzs\u00e1ra, \u00e9s ahogy az ajt\u00f3 fel\u00e9 fordulok, l\u00e1tom, hogy Nagyapa beakasztja az ajt\u00f3keretbe a kamp\u00f3s botj\u00e1t, \u00e9s odah\u00fazza mag\u00e1t az ajt\u00f3ba fotelest\u0151l. Tudom, hogy nagyon nyikorognak \u00e9s csikorognak a fotel l\u00e1ba al\u00e1 tett g\u00f6rkorcsolyakerekek, de a zen\u00e9t\u0151l az most egy\u00e1ltal\u00e1n nem hallatszik. Nagymama nem is hallja meg, \u00e9s egy\u00e1ltal\u00e1n nem veszi \u00e9szre, hogy Nagyapa m\u00e1r ott van az ajt\u00f3ban, \u00e9s azt se, hogy Nagyapa meglend\u00edti a h\u00f3zentr\u00e1ger\u00e9t, aminek a v\u00e9g\u00e9re felk\u00f6t\u00f6tte a m\u00e1sik feh\u00e9r keszty\u0171j\u00e9t, \u00e9s a keszty\u0171 ujjai megfogj\u00e1k a t\u00e1vkapcsol\u00f3t, \u00e9s Nagyapa megr\u00e1ntja a h\u00f3zent\u00e1rgert, \u00e9s a t\u00e1vkapcsol\u00f3 odarep\u00fcl a m\u00e1sik kez\u00e9be, \u00e9s akkor v\u00e9gre csend lesz &#8211; de Nagymama m\u00e9g azt se veszi \u00e9szre, hanem csak t\u00e1ncol \u00e9s t\u00e1ncol velem tov\u00e1bb, k\u00f6rbe \u00e9s k\u00f6rbe \u00e9s k\u00f6rbe.<\/p>\n<blockquote><p>T\u00f6rt\u00e9netek a F\u00fclesfotelb\u0151l. \u00d6t novell\u00e1t \u00edrtam egyszer a N\u0151k Lapj\u00e1nak, egy kicsi sorozat ez. A t\u00f6bbi darabaja itt van: <a href=\"https:\/\/gyorgydragoman.com\/?tag=fulesfotel\">A f\u00fclesfotel<\/a> <\/p><\/blockquote>\n<div class=\"getty embed image\" style=\"background-color:#fff;display:inline-block;font-family:'Helvetica Neue',Helvetica,Arial,sans-serif;color:#a7a7a7;font-size:11px;width:100%;max-width:474px;\">\n<div style=\"overflow:hidden;position:relative;height:0;padding:76.371308% 0 0 0;width:100%;\"><iframe loading=\"lazy\" src=\"\/\/embed.gettyimages.com\/embed\/HA1069-001?et=UOWFtoxCSd98KPXNFennKg&#038;sig=9JRYdJUk3FoLNbZt-NUy7oDC3IRT2rQ6Pv2keMaKPUg=\" width=\"474\" height=\"362\" scrolling=\"no\" frameborder=\"0\" style=\"display:inline-block;position:absolute;top:0;left:0;width:100%;height:100%;\"><\/iframe><\/div>\n<p style=\"margin:0;\">\n<div style=\"padding:0;margin:0 0 0 10px;text-align:left;\"><a href=\"http:\/\/www.gettyimages.com\/detail\/HA1069-001\" target=\"_blank\" style=\"color:#a7a7a7;text-decoration:none;font-weight:normal !important;border:none;display:inline-block;\">View image<\/a> | <a href=\"http:\/\/www.gettyimages.com\" target=\"_blank\" style=\"color:#a7a7a7;text-decoration:none;font-weight:normal !important;border:none;display:inline-block;\">gettyimages.com<\/a><\/div>\n<\/div>\n","protected":false},"excerpt":{"rendered":"<p>Nagyap\u00e1nak nagyon f\u00e1j m\u00e1r a feje a K\u00e9k Duna kering\u0151t\u0151l meg a Radecki marst\u00f3l, csendet akar, \u00e9n is csendet akarok. Nagyapa azt mondja, Nagymam\u00e1nak hi\u00e1ba sz\u00f3lunk, \u0151 nem fogja se kikapcsolni, se lehalk\u00edtani, csak m\u00e9g ann\u00e1l is jobban felhangos\u00edtsa, tudja \u0151 j\u00f3l, ismeri \u0151 j\u00f3l, negyven \u00e9v alatt volt m\u00f3dja megismerni.<\/p>\n","protected":false},"author":1,"featured_media":1171,"comment_status":"closed","ping_status":"closed","sticky":false,"template":"","format":"standard","meta":{"footnotes":""},"categories":[5],"tags":[106,107],"class_list":["post-1167","post","type-post","status-publish","format-standard","has-post-thumbnail","hentry","category-novellak","tag-fulesfotel","tag-noklapja","has_thumb"],"_links":{"self":[{"href":"https:\/\/gyorgydragoman.com\/index.php?rest_route=\/wp\/v2\/posts\/1167","targetHints":{"allow":["GET"]}}],"collection":[{"href":"https:\/\/gyorgydragoman.com\/index.php?rest_route=\/wp\/v2\/posts"}],"about":[{"href":"https:\/\/gyorgydragoman.com\/index.php?rest_route=\/wp\/v2\/types\/post"}],"author":[{"embeddable":true,"href":"https:\/\/gyorgydragoman.com\/index.php?rest_route=\/wp\/v2\/users\/1"}],"replies":[{"embeddable":true,"href":"https:\/\/gyorgydragoman.com\/index.php?rest_route=%2Fwp%2Fv2%2Fcomments&post=1167"}],"version-history":[{"count":1,"href":"https:\/\/gyorgydragoman.com\/index.php?rest_route=\/wp\/v2\/posts\/1167\/revisions"}],"predecessor-version":[{"id":1170,"href":"https:\/\/gyorgydragoman.com\/index.php?rest_route=\/wp\/v2\/posts\/1167\/revisions\/1170"}],"wp:featuredmedia":[{"embeddable":true,"href":"https:\/\/gyorgydragoman.com\/index.php?rest_route=\/wp\/v2\/media\/1171"}],"wp:attachment":[{"href":"https:\/\/gyorgydragoman.com\/index.php?rest_route=%2Fwp%2Fv2%2Fmedia&parent=1167"}],"wp:term":[{"taxonomy":"category","embeddable":true,"href":"https:\/\/gyorgydragoman.com\/index.php?rest_route=%2Fwp%2Fv2%2Fcategories&post=1167"},{"taxonomy":"post_tag","embeddable":true,"href":"https:\/\/gyorgydragoman.com\/index.php?rest_route=%2Fwp%2Fv2%2Ftags&post=1167"}],"curies":[{"name":"wp","href":"https:\/\/api.w.org\/{rel}","templated":true}]}}