{"id":1306,"date":"2015-06-27T09:30:15","date_gmt":"2015-06-27T07:30:15","guid":{"rendered":"http:\/\/gyorgydragoman.com\/?p=1306"},"modified":"2015-06-27T09:33:23","modified_gmt":"2015-06-27T07:33:23","slug":"dragoman-gyorgy-a-fal","status":"publish","type":"post","link":"https:\/\/gyorgydragoman.com\/?p=1306","title":{"rendered":"Dragom\u00e1n Gy\u00f6rgy: A fal"},"content":{"rendered":"<p>Tudod, hol voltam d\u00e9lut\u00e1n? Nem, nem munkahelyi \u00e9rtekezleten. Vagyis az volt, csak \u00e9n nem ott voltam. Eg\u00e9sz d\u00e9lut\u00e1n a kocsiban \u00fcltem, leh\u00fazott ablakkal, ott a nevel\u0151otthon ker\u00edt\u00e9se mellett. Hallgattam \u0151ket, hogy kiab\u00e1lnak, hogy j\u00e1tszanak, hogy hangoskodnak, \u00fcv\u00f6lt\u00f6znek, mit tudom \u00e9n melyik a j\u00f3 sz\u00f3, hallgattam \u0151ket, \u00e9s pr\u00f3b\u00e1ltam elk\u00e9pzelni, hogy abb\u00f3l a sok hangb\u00f3l az egyik ismer\u0151s hang, hogy abb\u00f3l a sokb\u00f3l az egyik a mi k\u00f6z\u00f6s gyerek\u00fcnk, hogy hazahozhatjuk, hogy egy\u00fctt nevelhetj\u00fck, hogy a mi\u00e9nk lehet, hogy szerethetj\u00fck, n\u00e9zhetj\u00fck feln\u0151ni.<br \/>\n\tOtt \u00fcltem, fogtam a vol\u00e1nt, any\u00e1m \u00e9s ap\u00e1m jutott eszembe, ban\u00e1lis sz\u00fcrke pillantok, hogy iskol\u00e1ba visznek, meg elmegy\u00fcnk cip\u0151t venni, hogy megszidnak, mert k\u00e9s\u0151n j\u00f6ttem haza a mozib\u00f3l, vagy, mert nem raktam el a sal\u00e1t\u00e1st\u00e1lat, ap\u00e1m jutott eszembe, ahogy h\u00e1rty\u00e1zza a birkah\u00fast a tok\u00e1nyhoz, a mozdulat, amivel megt\u00f6r\u00f6lte ut\u00e1na a k\u00e9st, az amikor egyszer any\u00e1m kihozott a kamr\u00e1b\u00f3l egy nagy \u00fcveg c\u00e9kl\u00e1t, \u00e9n meg pont L\u00e1kilukosat j\u00e1tszottam \u00e9s r\u00e1fogtam a j\u00e1t\u00e9kpisztolyt, ami tele volt gyufafejjel, \u00e9s megh\u00faztam a ravaszt, \u00e9s akkor\u00e1t d\u00f6rrent, hogy kiesett a kez\u00e9b\u0151l az \u00fcveg \u00e9s sz\u00e9tt\u00f6r\u00f6tt ott a konyha k\u00f6v\u00e9n, tiszta v\u00f6r\u00f6s c\u00e9klal\u00e9 lett minden, egy\u00fctt szedt\u00fck \u00f6ssze, ki kellett dobni az eg\u00e9szet.<br \/>\n\tFurcsa, hogy mire eml\u00e9kszik az ember \u00e9s mire nem, arra a pillanatra p\u00e9ld\u00e1ul egy\u00e1ltal\u00e1n nem is eml\u00e9kszem, hogy mi volt, amikor megmondtam any\u00e1mnak, hogy meleg vagyok, a k\u00e9sz\u00fcl\u0151d\u00e9sre eml\u00e9kszem, arra, hogy pr\u00f3b\u00e1lom elgyakorolni, \u00e9s azt\u00e1n a megk\u00f6nnyebb\u00fcl\u00e9sre, hogy k\u00e9sz kimondtam, arra, ahogy any\u00e1m azt mondja jajistenem kisfiam, h\u00e1t nem lesz norm\u00e1lis \u00e9leted, arra, ahogy meg\u00f6lelem \u00e9s azt mondom, dehogynem, a f\u00e1jdalomra, amikor azt mondta, de j\u00f3, hogy szeg\u00e9ny ap\u00e1d nem \u00e9rte ezt meg, arra, hogy elhat\u00e1rozom, hogy az\u00e9rt se fogok haragudni r\u00e1 ez\u00e9rt a mondat\u00e9rt. De ezt te m\u00e1r mind tudod, ezerszer elmes\u00e9ltem m\u00e1r neked, nem is tudom, hogy mi\u00e9rt mondom el \u00fajra, tal\u00e1n csak az\u00e9rt, hogy tudd, nem vagyok gy\u00e1va, nem, csak \u00e9ppen belef\u00e1radtam az eg\u00e9szbe, abba, hogy az\u00f3ta az eg\u00e9sz \u00e9letem arr\u00f3l sz\u00f3l, hogy megpr\u00f3b\u00e1lom bebizony\u00edtani magamnak \u00e9s any\u00e1mnak \u00e9s neked \u00e9s az eg\u00e9sz vil\u00e1gnak, hogy de igen, k\u00e9pes vagyok arra, hogy \u00fagy \u00e9ljek, mint b\u00e1rki m\u00e1s, amikor nyilv\u00e1nval\u00f3, hogy k\u00e9pes voln\u00e9k, hogyha hagyn\u00e1k.<br \/>\n\tFogtam a vol\u00e1nt, hallgattam, hogy j\u00e1tszanak, ott betonfal t\u00faloldal\u00e1n, r\u00e1d gondoltam, a szenved\u00e9lyes d\u00fchre, amivel azt szoktad mondani, hogy a falakat le kell d\u00f6nteni, \u00e9s nem hagyhatjuk, hogy b\u00f6rt\u00f6nbe z\u00e1rjanak benn\u00fcnket, mert azzal magukat is \u00e9pp\u00fagy b\u00f6rt\u00f6nbe z\u00e1rj\u00e1k, \u00e9s arra, hogy mit fogok neked mondani, hogy fogom elmondani neked, hogy nincsen er\u0151m, nem tudom v\u00e9gigcsin\u00e1lni, belef\u00e1radtam. Igen, ahogy neked is, nekem is minden v\u00e1gyam, hogy egy\u00fctt nevelhess\u00fck a gyerek\u00fcnket b\u00e9k\u00e9ben \u00e9s szeretetben, pont annyira v\u00e1gyom r\u00e1, mint te, tal\u00e1n m\u00e9g jobban is, tudom, hogy mellett\u00fcnk \u00e1ll az igazs\u00e1g \u00e9s az eur\u00f3pai jog, csak tudod, a remeg\u0151 k\u00e9zre nincsen paragrafus, meg a f\u00e1rads\u00e1gra se, meg arra se, amikor azt \u00e9rzed, hogy a l\u00e9ted minden pillanata politikai tett, nem harcolni akarok, csak norm\u00e1lisan \u00e9lni, \u00fagy, mint mindenki m\u00e1s. Tudom, ki kell harcolni, neked ez a norm\u00e1lis, neked l\u00e9telemed a harc, lehet, hogy pont ez\u00e9rt is szerettem bel\u00e9d, lehet, hogy pont ez\u00e9rt akartam \u00f6sszek\u00f6tni veled az \u00e9letem, mert el akartam hinni magamr\u00f3l, hogy pont ugyanolyan vad \u00e9s elsz\u00e1nt vagyok, mint amilyen te, de ahogy ott \u00fcltem a nevel\u0151int\u00e9zet ker\u00edt\u00e9se mellett, meg kellett \u00e9rtenem, hogy gyenge vagyok, hogy nincsen er\u0151m hozz\u00e1, nem fogom tudni v\u00e9gigcsin\u00e1lni, nem leszek k\u00e9pes arra, hogy v\u00e9gigharcoljam Eur\u00f3p\u00e1t, csak az\u00e9rt, hogy \u00fagy \u00e9lhessek, mint mindenki m\u00e1s.<br \/>\n\tOtt \u00fcltem, markoltam a korm\u00e1nyt, \u00e9s arra gondoltam, hogy fogom megmondani neked, hogy k\u00e9sz v\u00e9ge, feladom, eszembe jutott a doboz, ott any\u00e1m padl\u00e1s\u00e1n, tele a j\u00e1t\u00e9kaimmal, amiket any\u00e1m mind nem hagyott kidobni, mikor elmentem az egyetemre, mert azt mondta, hogy majd az unok\u00e1j\u00e1nak j\u00f3 lesz, nyilv\u00e1n ott az a r\u00e9gi j\u00e1t\u00e9kpisztoly is, eszembe jutott a fog\u00e1sa, a ny\u00e9l gy\u00f6ngyh\u00e1z\u00e1nak hidegs\u00e9ge, pr\u00f3b\u00e1ltam elk\u00e9pzelni a gyerek\u00fcnk kez\u00e9ben, pr\u00f3b\u00e1ltam r\u00e1venni magam, hogy m\u00e9giscsak mondjak igent neked, m\u00e9giscsak v\u00e1gjunk bele, \u00e9s akkor elvettem a kezem a vol\u00e1nr\u00f3l \u00e9s \u00fagy remegtem, mint m\u00e9g soha \u00e9letemben, \u00e9s tudtam, hogy hi\u00e1ba minden, nekem ehhez nem lesz er\u0151m. K\u00e9sz, elmondtam. Nem k\u00e9rlek, hogy ne haragudj.<\/p>\n<blockquote><p>Ezt a novell\u00e1t a TASZ felk\u00e9r\u00e9s\u00e9re \u00edrtam. A <a href=\"http:\/\/mondjigent.tasz.hu\/\">h\u00e1zass\u00e1gkamp\u00e1nyuk<\/a>  r\u00e9sze volt. M\u00e9lyen hiszek a <a href=\"https:\/\/gyorgydragoman.com\/?p=267\">h\u00e1zass\u00e1g<\/a>ban, \u00e9s abban is, hogy egym\u00e1st szeret\u0151 embereknek joguk kell legyen ahhoz, hogy \u00f6sszek\u00f6thess\u00e9k az \u00e9let\u00fcket. \u00c9s abban is, hogy ezzel nem csorb\u00edtj\u00e1k m\u00e1sok jogait. \u00c9s abban is, hogy a h\u00e1zass\u00e1g int\u00e9zm\u00e9nye el\u00e9g er\u0151s ahhoz, hogy nemi preferenci\u00e1t\u00f3l f\u00fcggetlen\u00fcl b\u00e1rkit befogadhasson.<\/p><\/blockquote>\n<div class=\"getty embed image\" style=\"background-color:#fff;display:inline-block;font-family:'Helvetica Neue',Helvetica,Arial,sans-serif;color:#a7a7a7;font-size:11px;width:100%;max-width:508px;\">\n<div style=\"overflow:hidden;position:relative;height:0;padding:66.141732% 0 0 0;width:100%;\"><iframe loading=\"lazy\" src=\"\/\/embed.gettyimages.com\/embed\/10133403?et=omD8zZBUQJ9d1C9D5DddEQ&#038;viewMoreLink=on&#038;sig=T0TIAkQdgxqBYc8b0TatbSje31ljw5BKUZV6Xg-_pZE=\" width=\"508\" height=\"336\" scrolling=\"no\" frameborder=\"0\" style=\"display:inline-block;position:absolute;top:0;left:0;width:100%;height:100%;\"><\/iframe><\/div>\n<p style=\"margin:0;\">\n<div style=\"padding:0;margin:0 0 0 10px;text-align:left;\"><a href=\"http:\/\/www.gettyimages.com\/detail\/10133403\" target=\"_blank\" style=\"color:#a7a7a7;text-decoration:none;font-weight:normal !important;border:none;display:inline-block;\">View image<\/a> | <a href=\"http:\/\/www.gettyimages.com\" target=\"_blank\" style=\"color:#a7a7a7;text-decoration:none;font-weight:normal !important;border:none;display:inline-block;\">gettyimages.com<\/a><\/div>\n<\/div>\n","protected":false},"excerpt":{"rendered":"<p>Ahogy neked is, nekem is minden v\u00e1gyam, hogy egy\u00fctt nevelhess\u00fck a gyerek\u00fcnket b\u00e9k\u00e9ben \u00e9s szeretetben, pont annyira v\u00e1gyom r\u00e1, mint te, tal\u00e1n m\u00e9g jobban is, tudom, hogy mellett\u00fcnk \u00e1ll az igazs\u00e1g \u00e9s az eur\u00f3pai jog, csak tudod, a remeg\u0151 k\u00e9zre nincsen paragrafus<\/p>\n","protected":false},"author":1,"featured_media":1307,"comment_status":"closed","ping_status":"closed","sticky":false,"template":"","format":"standard","meta":{"footnotes":""},"categories":[5],"tags":[156],"class_list":["post-1306","post","type-post","status-publish","format-standard","has-post-thumbnail","hentry","category-novellak","tag-hazassag","has_thumb"],"_links":{"self":[{"href":"https:\/\/gyorgydragoman.com\/index.php?rest_route=\/wp\/v2\/posts\/1306","targetHints":{"allow":["GET"]}}],"collection":[{"href":"https:\/\/gyorgydragoman.com\/index.php?rest_route=\/wp\/v2\/posts"}],"about":[{"href":"https:\/\/gyorgydragoman.com\/index.php?rest_route=\/wp\/v2\/types\/post"}],"author":[{"embeddable":true,"href":"https:\/\/gyorgydragoman.com\/index.php?rest_route=\/wp\/v2\/users\/1"}],"replies":[{"embeddable":true,"href":"https:\/\/gyorgydragoman.com\/index.php?rest_route=%2Fwp%2Fv2%2Fcomments&post=1306"}],"version-history":[{"count":2,"href":"https:\/\/gyorgydragoman.com\/index.php?rest_route=\/wp\/v2\/posts\/1306\/revisions"}],"predecessor-version":[{"id":1309,"href":"https:\/\/gyorgydragoman.com\/index.php?rest_route=\/wp\/v2\/posts\/1306\/revisions\/1309"}],"wp:featuredmedia":[{"embeddable":true,"href":"https:\/\/gyorgydragoman.com\/index.php?rest_route=\/wp\/v2\/media\/1307"}],"wp:attachment":[{"href":"https:\/\/gyorgydragoman.com\/index.php?rest_route=%2Fwp%2Fv2%2Fmedia&parent=1306"}],"wp:term":[{"taxonomy":"category","embeddable":true,"href":"https:\/\/gyorgydragoman.com\/index.php?rest_route=%2Fwp%2Fv2%2Fcategories&post=1306"},{"taxonomy":"post_tag","embeddable":true,"href":"https:\/\/gyorgydragoman.com\/index.php?rest_route=%2Fwp%2Fv2%2Ftags&post=1306"}],"curies":[{"name":"wp","href":"https:\/\/api.w.org\/{rel}","templated":true}]}}