{"id":145,"date":"2006-02-04T11:56:09","date_gmt":"2006-02-04T09:56:09","guid":{"rendered":"http:\/\/thewhiteking.org\/?p=145"},"modified":"2006-02-04T11:56:09","modified_gmt":"2006-02-04T09:56:09","slug":"2006-02-04","status":"publish","type":"post","link":"https:\/\/gyorgydragoman.com\/?p=145","title":{"rendered":"2006-02-04"},"content":{"rendered":"<p>\u00dagy alakult, hogy a szombati nap a brut\u00e1lis \u00e9telek napja lett.<br \/>\n          D\u00e9lben v\u00e1ratlanul be\u00e1ll\u00edtott a mam\u00e1m. Sok\u00e1ig \u00fagy volt, hogy j\u00f6n, azt\u00e1n arr\u00f3l volt sz\u00f3, hogy m\u00e9gsem, azt\u00e1n egy napra m\u00e9giscsak fel tudott ugrani. Igazi mam\u00e1hoz ill\u0151en hozott mag\u00e1val egy nagy faz\u00e9k t\u00f6lt\u00f6tt k\u00e1poszt\u00e1t. Nagyon-nagyon nagy barna faz\u00e9k, kint \u00e1ll az ajt\u00f3 el\u0151tt, szerencs\u00e9re j\u00f3 hideg van, a k\u00e1poszta el\u00e1ll. Merthogy k\u00e9t vagy h\u00e1rom napig biztos, hogy ki fog tartani.<br \/>\n          \u00c9n a t\u00f6lt\u00f6tt k\u00e1poszt\u00e1t egy\u00e9bk\u00e9nt M\u00f3ricz miatt szerettem meg, <!--more-->nyolc\u00e9ves koromban. Eg\u00e9szen addig a szag\u00e1t se b\u00edrtam elviselni, \u00fagy pfujoltam \u00e9s hisztiztem, mint most G\u00e1bris. Na de rengeteget hallgattam a Kossuth r\u00e1di\u00f3t (Marosv\u00e1s\u00e1rhelyen csak azt lehetett fogni), \u00e9s tizenegy \u00f3ra harminc\u00f6t perckor mindig min\u0151s\u00e9gi irodalmat olvastak fel folytat\u00e1sokban. (Ez m\u00e9g most is \u00edgy van \u00e9s remek dolog.) Tizenegy harminc\u00f6t az Erd\u00e9lyben tizenkett\u0151 harminc\u00f6t volt, az iskola d\u00e9lig tartott, \u00fagyhogy addigra pont haza\u00e9rtem \u00e9s megeb\u00e9deltem, \u00e9s bekapcsoltam a r\u00e1di\u00f3t (egy kopott WEF, amib\u0151l valahogy kit\u00f6r\u00f6tt az antenna, de apa r\u00e1j\u00f6tt, hogyha beledugja a lyukba a tizennyolcadik sz\u00e1zadi kov\u00e1csoltvas ny\u00e1rsat, amit egy\u00e9bk\u00e9nt rabl\u00f3h\u00fas-s\u00fct\u00e9sre haszn\u00e1ltunk kir\u00e1ndul\u00e1sokon, akkor m\u00e9g jobb lesz a v\u00e9tel, mint a vacak eredeti antenn\u00e1val, apa tr\u00e9f\u00e1lkozva mondta is, hogy ha meg\u00edrja majd a visszaeml\u00e9kez\u00e9seit, akkor \u00fagy emelgeti ezt az id\u0151szakot, hogy \u201eamikor ny\u00e1rson fogtuk a Szabad Eur\u00f3p\u00e1t\u201d, tess\u00e9k, most \u00e9n \u00edrtam meg, z\u00e1r\u00f3jel bez\u00e1rva). Na sz\u00f3val egyszer, amikor haza\u00e9rtem, \u00e9pp M\u00f3riczot olvastak fel, arr\u00f3l sz\u00f3lt, hogy mennyire szereti \u0151 a t\u00f6lt\u00f6tt k\u00e1poszt\u00e1t, hogy m\u00e9g \u00e9jjel is k\u00e9pes felkelni az\u00e9rt, hogy t\u00f6lt\u00f6tt k\u00e1poszt\u00e1t ehessen, ha \u00e9ppen van otthon, \u00e9s ezt olyan \u00edzesen \u00e9s meggy\u0151z\u0151en olvasta fel egy sz\u00edn\u00e9sz (nem tudom, ki volt, ut\u00e1na k\u00e9ne n\u00e9zni), hogy \u00e9n ott \u00e9s akkor megszerettem a t\u00f6lt\u00f6tt k\u00e1poszt\u00e1t, \u00e9s ez az\u00f3ta is tart. De vend\u00e9gl\u0151ben p\u00e9ld\u00e1ul sose enn\u00e9k, mert az nem olyan, mert \u00e9n bizony v\u00e1logat\u00f3s vagyok, \u00e9s azt a fajta t\u00f6lt\u00f6tt k\u00e1poszt\u00e1t szeretem csak, amit Erd\u00e9lyben, pontosabban a mi csal\u00e1dunkban csin\u00e1ltak, az meg olyan, hogy nincs benne paprika, viszont rengeteg sok csombor kell bele (ez erd\u00e9lyi alapf\u0171szer, Magyarorsz\u00e1gon borsikaf\u0171 n\u00e9ven ismerik, de haszn\u00e1lni nemigen szok\u00e1s), \u00e9s feh\u00e9rborban kell f\u0151zni, v\u00edz egy\u00e1ltal\u00e1n nem is ker\u00fclhet a faz\u00e9kba. Nem egy fogy\u00f3k\u00far\u00e1s \u00e9tel, mondjuk mi\u00f3ta anya csin\u00e1lja, kicsit k\u00edm\u00e9l\u0151bb lett, mert \u0151 m\u00e1r nem tesz bele akkora d\u00f6g f\u00fcst\u00f6lt \u00e9s f\u00fcst\u00f6letlen oldalasokat, mint ap\u00e1m, persze ez az eg\u00e9sz \u00fagy hangzik, mintha minden h\u00e9ten ilyet enn\u00e9nk, pedig az ut\u00f3bbi k\u00e9t \u00e9vben szerintem csak k\u00e9tszer fordult el\u0151, most, \u00e9s h\u00e1rom hete, amikor anya utolj\u00e1ra itt volt, de most sokkal nagyobb adaggal hozott, meg is besz\u00e9lt\u00fck, hogy most akkor egy \u00e9vig sz\u00fcnet, legk\u00f6zelebb majd j\u00f6v\u0151 febru\u00e1rban k\u00e1poszt\u00e1zunk ekkor\u00e1t.<br \/>\n          Van m\u00e9g egy fontos k\u00e1poszt\u00e1s t\u00f6rt\u00e9net a csal\u00e1dban, tudom, hogy m\u00e1r eleget k\u00e1poszt\u00e1ztam, de ezt m\u00e9gis elmes\u00e9lem. Sz\u00f3val Erd\u00e9lyben az volt a szok\u00e1s, hogy rendes hord\u00f3ban csin\u00e1ltuk a k\u00e1poszt\u00e1t, \u00e9s ahhoz persze k\u00e1posztak\u0151 kell, hogy j\u00f3l r\u00e1nyomja a deszkafed\u0151t a d\u00e9zs\u00e1ba tett, s\u00f3val telet\u00f6m\u00f6tt torzs\u00e1j\u00fa k\u00e1posztafejekre. Nagyb\u00e1ty\u00e1m akkor m\u00e1r el\u00e9g r\u00e9g\u00f3ta Magyarorsz\u00e1gon \u00e9lt, az Alf\u00f6ld\u00f6n, \u00e9s ott is meg\u0151rizte a k\u00e1posztak\u00e9sz\u00edt\u00e9s nemes hagyom\u00e1ny\u00e1t. Nem volt viszont megfelel\u0151 k\u00f6ve. Egyszer azt\u00e1n az Istensz\u00e9ke alatt kir\u00e1ndult, \u00e9s szedett az egyik patakparton egy sz\u00e9p nagy k\u00e1posztak\u00f6vet. A hat\u00e1ron viszont lebukott. A v\u00e1mos (akkor a v\u00e1mosok \u00e9let-hal\u00e1l urai voltak) azt mondta neki: Csei, domnule, vrei sz\u00f6 szkoc c\u00e1r\u00e1 pj\u00e1tr\u00f6 ku pj\u00e1tr\u00f6? (Mi van, uram, k\u00f6venk\u00e9nt akarja ellopni az orsz\u00e1got?) \u00c9s kidobatta vele.<br \/>\n          Na, ennyit a k\u00e1poszt\u00e1r\u00f3l. Mivel a mam\u00e1m itt volt, a filmszeml\u00e9re nem mentem, hanem \u00e9lvezt\u00fck, hogy itt van, az unok\u00e1k lelkesen randal\u00edroztak, mi meg besz\u00e9lgett\u00fcnk, meg h\u00e1t sajnos egy kicsit dolgozni is kellett, \u00fagyhogy dolgoztam is, meg zajlott a j\u00f3 hangos kiab\u00e1l\u00f3s-gyerekugr\u00e1l\u00f3s csal\u00e1di \u00e9let, olyan remek ricsajt csaptunk, mintha lett\u00fcnk volna legal\u00e1bb nyolcan, G\u00e1bris vadul le \u00e9s fel rohang\u00e1lt a lak\u00e1sban, k\u00f6zben kiab\u00e1lva b\u00edztatott benn\u00fcnket, hogy mi is b\u00edztassuk kiab\u00e1lva (ilyenkor \u00e9n a sportkomment\u00e1tor szerep\u00e9t \u00f6ltve szocialista orsz\u00e1gok versenyz\u0151it emlegetve szoktam k\u00f6zvet\u00edteni, hogy hol tart a versenyben, a legkem\u00e9nyebb ellenfelek mindig a kubaiak, a keletn\u00e9metek \u00e9s a rom\u00e1nok \u2013 a legnagyobb rom\u00e1n vet\u00e9lyt\u00e1rs bizonyos Buzuleszku Biz\u00f3, vele \u00e9vek \u00f3ta elkeseredett fogmos\u00e1si, \u00f6lt\u00f6z\u00e9si \u00e9s h\u00e1l\u00f3zs\u00e1kba b\u00faj\u00e1si versenyben vannak), azt\u00e1n  n\u00e9zegett\u00fck a r\u00e9gebben k\u00e9sz\u00fclt f\u00e9nyk\u00e9peket, vitatkoztunk (nekem nagyon sok gyakorlati k\u00e9rd\u00e9s elvi k\u00e9rd\u00e9s, \u00e9s ennek hangot is szoktam adni), konyakot ittunk \u00e9s remek\u00fcl mulattunk.<br \/>\n          A fi\u00fak el\u00e9gg\u00e9 k\u00e9s\u0151n fek\u00fcdtek le, ilyenkor m\u00e1r alig van b\u00e1rmire is ideje az embernek, \u00e9n olvastam m\u00e9g egy kicsi Ivanhoe-t, mert \u00edrnom kell majd r\u00f3la, \u00e9jf\u00e9lkor azt\u00e1n kimentem, \u00e9s a konyh\u00e1ban mangalicaszalonna-ev\u00e9sen kaptam a mam\u00e1mat. (Nagyon rossz k\u00e9pet festek \u00e9n dr\u00e1ga mam\u00e1mr\u00f3l, mintha zs\u00edrt enne zs\u00edrral, pedig egy\u00e1ltal\u00e1n nem, csak most kiv\u00e9telesen, igaz\u00e1n karcs\u00fa, eleg\u00e1ns asszony \u00e9s pomp\u00e1s mama meg nagymama \u0151, b\u00e1r az ut\u00f3bbi kit\u00e9tel ellen val\u00f3sz\u00edn\u0171leg szint\u00e9n tiltakozna, \u00e9s t\u00e9nyleg, nem az a tipikus feh\u00e9rhaj\u00fa n\u00e9ni, hanem egy k\u0151kem\u00e9ny, pad alatt olvasott Cosmopolitant k\u00edm\u00e9letlen\u00fcl sz\u00e9tszaggat\u00f3, figyelemelvon\u00f3 rad\u00edrgumikat az ablakon kihajig\u00e1l\u00f3 stramm magyartan\u00e1r). Term\u00e9szetesen megvet\u00e9semmel s\u00fajtottam, de az\u00e9rt le\u00fcltem mell\u00e9, hogy ne egyen egyed\u00fcl, ennek persze meglettek a k\u00f6vetkezm\u00e9nyei, nemsok\u00e1ra m\u00e1r egy\u00fctt szalonn\u00e1ztunk, Anna is csatlakozott, \u0151 m\u00e1r hagym\u00e1t is v\u00e1gott, ekkor viszont m\u00e1r musz\u00e1j volt bort bontani, szalonn\u00e1hoz szerintem sz\u00e1raz feh\u00e9rbor kell, soml\u00f3i olaszrizling volt is itthon, igaz h\u0171tetlen, h\u00e1t istenem. Amikor a szalonna m\u00e1r elfogyott, term\u00e9szetesen csak az alv\u00e1s volt m\u00e1r h\u00e1tra.<br \/>\n          Ja, \u00e9s \u00f6r\u00f6mmel jelentem, hogy megtal\u00e1ltam az elveszettnek hitt \u00edr reg\u00e9nyt, valami okn\u00e1l fogva a nyomtat\u00f3ra tettem, azt viszont, hogy hogyan \u00e9s mikor pakolhattam r\u00e1 egy kisebb kazal k\u00e9ziratot, m\u00e1r t\u00e9nyleg nem tudom. <\/p>\n","protected":false},"excerpt":{"rendered":"<p>\u00dagy alakult, hogy a szombati nap a brut\u00e1lis \u00e9telek napja lett. D\u00e9lben v\u00e1ratlanul be\u00e1ll\u00edtott a mam\u00e1m. Sok\u00e1ig \u00fagy volt, hogy j\u00f6n, azt\u00e1n arr\u00f3l volt sz\u00f3, hogy m\u00e9gsem, azt\u00e1n egy napra [&hellip;]<\/p>\n","protected":false},"author":1,"featured_media":0,"comment_status":"closed","ping_status":"closed","sticky":false,"template":"","format":"standard","meta":{"footnotes":""},"categories":[18],"tags":[],"class_list":["post-145","post","type-post","status-publish","format-standard","hentry","category-naplo","has_no_thumb"],"_links":{"self":[{"href":"https:\/\/gyorgydragoman.com\/index.php?rest_route=\/wp\/v2\/posts\/145","targetHints":{"allow":["GET"]}}],"collection":[{"href":"https:\/\/gyorgydragoman.com\/index.php?rest_route=\/wp\/v2\/posts"}],"about":[{"href":"https:\/\/gyorgydragoman.com\/index.php?rest_route=\/wp\/v2\/types\/post"}],"author":[{"embeddable":true,"href":"https:\/\/gyorgydragoman.com\/index.php?rest_route=\/wp\/v2\/users\/1"}],"replies":[{"embeddable":true,"href":"https:\/\/gyorgydragoman.com\/index.php?rest_route=%2Fwp%2Fv2%2Fcomments&post=145"}],"version-history":[{"count":0,"href":"https:\/\/gyorgydragoman.com\/index.php?rest_route=\/wp\/v2\/posts\/145\/revisions"}],"wp:attachment":[{"href":"https:\/\/gyorgydragoman.com\/index.php?rest_route=%2Fwp%2Fv2%2Fmedia&parent=145"}],"wp:term":[{"taxonomy":"category","embeddable":true,"href":"https:\/\/gyorgydragoman.com\/index.php?rest_route=%2Fwp%2Fv2%2Fcategories&post=145"},{"taxonomy":"post_tag","embeddable":true,"href":"https:\/\/gyorgydragoman.com\/index.php?rest_route=%2Fwp%2Fv2%2Ftags&post=145"}],"curies":[{"name":"wp","href":"https:\/\/api.w.org\/{rel}","templated":true}]}}