{"id":2381,"date":"2017-12-01T08:31:15","date_gmt":"2017-12-01T06:31:15","guid":{"rendered":"http:\/\/gyorgydragoman.com\/?p=2381"},"modified":"2018-12-23T09:42:04","modified_gmt":"2018-12-23T07:42:04","slug":"dragoman-gyorgy-karacsonyi-cukorkotozes","status":"publish","type":"post","link":"https:\/\/gyorgydragoman.com\/?p=2381","title":{"rendered":"Dragom\u00e1n Gy\u00f6rgy: Kar\u00e1csonyi cukork\u00f6t\u00f6z\u00e9s"},"content":{"rendered":"<p>Az \u00fcnnep az\u00e9, aki v\u00e1rja, \u00edrta egy vers\u00e9ben Anna, a feles\u00e9gem, \u00e9s ebben nagyon egym\u00e1sra tal\u00e1ltak \u00e9desany\u00e1mmal, aki szerint a kar\u00e1csonyra m\u00e1r janu\u00e1rban el kell kezdeni k\u00e9sz\u00fclni, mert akkor tulajdonk\u00e9ppen az eg\u00e9sz \u00e9vet \u00e1tsz\u00ednezi \u00e9s \u00e1talak\u00edtja a v\u00e1rakoz\u00e1s \u00f6r\u00f6me.<\/p>\n<p>\u00c9n persze enn\u00e9l hebehurgy\u00e1bb vagyok, nekem a cukork\u00f6t\u00f6z\u00e9ssel kezd\u0151dik az igazi k\u00e9sz\u00fcl\u0151d\u00e9s, azzal, ahogy ap\u00e1m feledhetetlen mozdulatait ut\u00e1nozva tekerem a feh\u00e9r c\u00e9rn\u00e1t egy lehet\u0151leg min\u00e9l vastagabb k\u00f6nyvre, hogy azt\u00e1n sz\u00e1z teker\u00e9s ut\u00e1n elv\u00e1gjam, \u00e9s kiosszam a jelenlev\u0151k k\u00f6z\u00f6tt a sz\u00e1lakat.<\/p>\n<p>A c\u00e9rna v\u00e9g\u00e9t meg kell ny\u00e1lazni, azt\u00e1n megbogozni, azt\u00e1n k\u00e9t \u00fajjal hurkot k\u00f6tni bel\u0151le, azt\u00e1n azt r\u00e1 kell h\u00fazni a cukor egyik v\u00e9g\u00e9re, sz\u00e9p, hagyom\u00e1nyos mozdulat ez, \u00e9desany\u00e1mt\u00f3l tanultam, a feln\u00f6v\u00e9s kezdete volt, hogy m\u00e1r \u00e9n \u0151rizhettem a titkot az \u00f6cs\u00e9m el\u0151l, a mozdulat sz\u00e9p hagyom\u00e1nyos, nem v\u00e1ltoztatn\u00e1nk rajta a vil\u00e1g\u00e9rt se. Ha lehetne el\u0151re k\u00f6t\u00f6z\u00f6tt cukrot kapni, mi olyat nem venn\u00e9nk.  A k\u00f6t\u00f6z\u00e9s kal\u00e1k\u00e1ban zajlik, minden beavatottnak ott kell lennie, \u00e9s k\u00f6t\u00f6z\u00e9s k\u00f6zben felr\u00e9mlenek a r\u00e9gi k\u00f6t\u00f6z\u00e9sek \u00e9s a r\u00e9gi kar\u00e1csonyok, de nem csak azok, amiket meg\u00e9lt\u00fcnk, hanem azok is, amiknek csak a h\u00edr\u00e9t hallottuk. Ott kavarog k\u00f6r\u00fcl\u00f6tt\u00fcnk a m\u00falt, egy kicsit mindenki vel\u00fcnk van, akit ismert\u00fcnk \u00e9s szerett\u00fcnk, szinte a hangjuk is halljuk, hogyan mes\u00e9ltek, m\u00e9g akkor is, ha az csak a mi hangunk, ahogy pr\u00f3b\u00e1lunk az \u0151 hangjukon, \u00e9rt\u00fck \u00e9s helyett\u00fck mes\u00e9lni.<\/p>\n<p>Pont ez a legszebb a kar\u00e1csonyban, ett\u0151l \u00fcnnep, hogy egy kicsit \u00e1ll az id\u0151ben, \u00e1tragyog benne a j\u00f6v\u0151n a m\u00falt, a r\u00e9ges-r\u00e9gi kar\u00e1csonyok mind \u00f6sszeforrnak a r\u00e9giekkel \u00e9s a nem olyan r\u00e9giekkel, \u00e9s ezzel a mostanival, amire \u00e9ppen a cukrokat k\u00f6z\u00f6zz\u00fck,  a k\u00e9sz\u00fcl\u0151d\u00e9sben ott az eml\u00e9kez\u00e9s, a tegnapok nosztalgi\u00e1j\u00e1ban  a holnap rem\u00e9nye.  Igen, mindegyik \u00faj kar\u00e1csonyban ott az \u00f6sszes r\u00e9gi, \u00e9vr\u0151l \u00e9vre eszembe jut az, ahogy ap\u00e1m elmes\u00e9li, milyen volt, amikor gyerekkor\u00e1ban a kommunist\u00e1k be akart\u00e1k tiltani a kar\u00e1csonyt, \u00e9s az amikor az \u00e9n gyerekkoromban Sz\u00e1sz Misi, ap\u00e1m erd\u00e9sz bar\u00e1tja a mi erk\u00e9ly\u00fcnk\u00f6n t\u00e1rolta az ismer\u0151sei sz\u00e1m\u00e1ra megszerzett f\u00e1kat, milyen volt, amikor  bek\u00f6lt\u00f6z\u00f6tt a nagyszob\u00e1ba az angyal \u00e9s \u00e9n belestem, \u00e9s megl\u00e1ttam, hogy k\u00e9k a sz\u00e1rnya, amit persze senki se akart elhinni nekem, milyen volt hosszan elny\u00fajtott hasonfekv\u0151s l\u00e1bdobog\u00f3s t\u00fcrelmetlens\u00e9ggel v\u00e1rni, hogy az angyal fejezze m\u00e1r be a munk\u00e1t, hogy megsz\u00f3laljon m\u00e1r a cseng\u0151, hogy kiny\u00edljon m\u00e1r v\u00e9gre a nagyszoba ajtaja. Milyen volt, amikor olyan szeg\u00e9nyek voltunk, hogy nem volt kar\u00e1csonyf\u00e1nk csak k\u00e9t feny\u0151\u00e1gunk, milyen volt, amikor nem volt szaloncukor se, milyen volt, amikor akkora f\u00e1nk volt, hogy alig b\u00edrtuk beg\u00f6rb\u00edteni a plafon al\u00e1, milyen volt, amikor nagy kalandok k\u00f6zepette Grazba ment\u00fcnk aj\u00e1nd\u00e9kok\u00e9rt any\u00e1val, milyen volt, amikor el\u0151sz\u00f6r csin\u00e1ltunk geszteny\u00e9s alagutat, milyen volt amikor nem tudtuk befaragni a f\u00e1t a r\u00e9gi talpba \u00e9s \u00fagy \u00f6sszeveszt\u00fcnk, hogy azt hitt\u00fck sose b\u00e9k\u00fcl\u00fcnk ki, milyen volt amikor nagymama k\u00e9t koffernyi k\u00e9zzel festett \u00fcvegd\u00edsze mind \u00f6sszet\u00f6r\u00f6tt. Milyen volt amikor t\u00e9rdig \u00e9r\u0151 h\u00f3ban kellett \u00e1tmenni a K\u00e1lv\u00e1ri\u00e1n, milyen volt, amikor sz\u00e1nk\u00f3n h\u00faztuk haza a f\u00e1t a K\u00f6vesdombr\u00f3l.<\/p>\n<p>Lassan fogy a cukor, a felk\u00f6t\u00f6z\u00f6tteket c\u00e9rn\u00e1val kifel\u00e9 visszatessz\u00fck a dobozba, kicsit versenyz\u00fcnk is, ki az \u00fcgyesebb, ki a gyorsabb, k\u00f6zben mindenki besz\u00e9l, mindenki mes\u00e9l, mindenki tervezget, vajon id\u00e9n sz\u00e9p lesz a fa, vajon lesz v\u00e9gre h\u00f3, vajon finom lesz a p\u00e1st\u00e9tom, vajon meg tudjuk lepni egym\u00e1st, vajon \u00f6r\u00fclni fogunk, vajon j\u00f3 lesz minden?<\/p>\n<p>A cukor lassan elfogy, feltessz\u00fck a szekr\u00e9ny tetej\u00e9re, m\u00e1r csak h\u00e1rmat kell aludni \u00e9s felaggatjuk a f\u00e1ra. J\u00f3 lesz, minden j\u00f3 lesz. Az \u00fcnnep az\u00e9, aki v\u00e1rja.<\/p>\n<p>Ez a kar\u00e1csony.<\/p>\n<blockquote><p>Ezt az \u00edr\u00e1st a Marie Claire magazin k\u00e9r\u00e9s\u00e9re \u00edrtam 2017 adventj\u00e9n.<\/p><\/blockquote>\n","protected":false},"excerpt":{"rendered":"<p>Az \u00fcnnep az\u00e9, aki v\u00e1rja, \u00edrta egy vers\u00e9ben Anna, a feles\u00e9gem, \u00e9s ebben nagyon egym\u00e1sra tal\u00e1ltak \u00e9desany\u00e1mmal, aki szerint a kar\u00e1csonyra m\u00e1r janu\u00e1rban el kell kezdeni k\u00e9sz\u00fclni, mert akkor tulajdonk\u00e9ppen az eg\u00e9sz \u00e9vet \u00e1tsz\u00ednezi \u00e9s \u00e1talak\u00edtja a v\u00e1rakoz\u00e1s \u00f6r\u00f6me.<\/p>\n","protected":false},"author":1,"featured_media":2382,"comment_status":"closed","ping_status":"closed","sticky":false,"template":"","format":"standard","meta":{"footnotes":""},"categories":[3],"tags":[110,356,111,146],"class_list":["post-2381","post","type-post","status-publish","format-standard","has-post-thumbnail","hentry","category-esszek","tag-advent","tag-cukor","tag-karacsony","tag-mariecalire","has_thumb"],"_links":{"self":[{"href":"https:\/\/gyorgydragoman.com\/index.php?rest_route=\/wp\/v2\/posts\/2381","targetHints":{"allow":["GET"]}}],"collection":[{"href":"https:\/\/gyorgydragoman.com\/index.php?rest_route=\/wp\/v2\/posts"}],"about":[{"href":"https:\/\/gyorgydragoman.com\/index.php?rest_route=\/wp\/v2\/types\/post"}],"author":[{"embeddable":true,"href":"https:\/\/gyorgydragoman.com\/index.php?rest_route=\/wp\/v2\/users\/1"}],"replies":[{"embeddable":true,"href":"https:\/\/gyorgydragoman.com\/index.php?rest_route=%2Fwp%2Fv2%2Fcomments&post=2381"}],"version-history":[{"count":6,"href":"https:\/\/gyorgydragoman.com\/index.php?rest_route=\/wp\/v2\/posts\/2381\/revisions"}],"predecessor-version":[{"id":2433,"href":"https:\/\/gyorgydragoman.com\/index.php?rest_route=\/wp\/v2\/posts\/2381\/revisions\/2433"}],"wp:featuredmedia":[{"embeddable":true,"href":"https:\/\/gyorgydragoman.com\/index.php?rest_route=\/wp\/v2\/media\/2382"}],"wp:attachment":[{"href":"https:\/\/gyorgydragoman.com\/index.php?rest_route=%2Fwp%2Fv2%2Fmedia&parent=2381"}],"wp:term":[{"taxonomy":"category","embeddable":true,"href":"https:\/\/gyorgydragoman.com\/index.php?rest_route=%2Fwp%2Fv2%2Fcategories&post=2381"},{"taxonomy":"post_tag","embeddable":true,"href":"https:\/\/gyorgydragoman.com\/index.php?rest_route=%2Fwp%2Fv2%2Ftags&post=2381"}],"curies":[{"name":"wp","href":"https:\/\/api.w.org\/{rel}","templated":true}]}}