{"id":2534,"date":"2019-02-20T00:32:47","date_gmt":"2019-02-19T22:32:47","guid":{"rendered":"http:\/\/gyorgydragoman.com\/?p=2534"},"modified":"2019-02-20T00:32:47","modified_gmt":"2019-02-19T22:32:47","slug":"regi-kepek-kerultek-elo-1985-aprilisa-tizenegy-es-fel-eves-vagyok-tavasz-van-ocsem-szuletesnapjat-unnepeljuk-nemsokara-megvagjuk-a-tortat-igazan-boldog-unnepi-pillanat-egy-evvel-kesobb-ezen","status":"publish","type":"post","link":"https:\/\/gyorgydragoman.com\/?p=2534","title":{"rendered":"R\u00e9gi k\u00e9pek ker\u00fcltek el\u0151. 1985 \u00e1prilisa, tizenegy \u00e9s f\u00e9l \u00e9ves vagyok. Tavasz van, \u00f6cs\u00e9m sz\u00fclet\u00e9snapj\u00e1t \u00fcnnepelj\u00fck, nemsok\u00e1ra megv\u00e1gjuk a tort\u00e1t. Igaz\u00e1n boldog, \u00fcnnepi pillanat. (Egy \u00e9vvel k\u00e9s\u0151bb, ezen a napon kezd\u0151dik majd a feh\u00e9r kir\u00e1ly. \u00d6cs\u00e9m sz\u00fclet\u00e9snapj\u00e1nak d\u00e1tum\u00e1t vettem ugyanis k\u00f6lcs\u00f6n. Persze semmi sem \u00fagy van, a k\u00f6nyv nem ott \u00e9s nem akkor j\u00e1tsz\u00f3dik, \u00e9s \u00e9n sem vagyok benne&#8230; ) #\u00edgyvolt #Dzs\u00e1t\u00e1 #throwback"},"content":{"rendered":"<div><img src='https:\/\/scontent.cdninstagram.com\/vp\/e42ccb346b2f8931c34dd96b2b7b71e1\/5D0A6DC4\/t51.2885-15\/sh0.08\/e35\/s640x640\/51993802_312369446301242_7838493323416001605_n.jpg?_nc_ht=scontent.cdninstagram.com' style='max-width:600px;' \/><\/p>\n<div>R\u00e9gi k\u00e9pek ker\u00fcltek el\u0151. 1985 \u00e1prilisa, tizenegy \u00e9s f\u00e9l \u00e9ves vagyok. Tavasz van, \u00f6cs\u00e9m sz\u00fclet\u00e9snapj\u00e1t \u00fcnnepelj\u00fck, nemsok\u00e1ra megv\u00e1gjuk a tort\u00e1t. Igaz\u00e1n boldog, \u00fcnnepi pillanat.<br \/>\n(Egy \u00e9vvel k\u00e9s\u0151bb, ezen a napon kezd\u0151dik majd a feh\u00e9r kir\u00e1ly. \u00d6cs\u00e9m sz\u00fclet\u00e9snapj\u00e1nak d\u00e1tum\u00e1t vettem ugyanis k\u00f6lcs\u00f6n. Persze semmi sem \u00fagy van, a k\u00f6nyv nem ott \u00e9s nem akkor j\u00e1tsz\u00f3dik, \u00e9s \u00e9n sem vagyok benne&#8230; )<br \/>\n#\u00edgyvolt #Dzs\u00e1t\u00e1 #throwback February 19, 2019 at 10:33PM<\/div>\n<\/div>\n","protected":false},"excerpt":{"rendered":"<p>R\u00e9gi k\u00e9pek ker\u00fcltek el\u0151. 1985 \u00e1prilisa, tizenegy \u00e9s f\u00e9l \u00e9ves vagyok. Tavasz van, \u00f6cs\u00e9m sz\u00fclet\u00e9snapj\u00e1t \u00fcnnepelj\u00fck, nemsok\u00e1ra megv\u00e1gjuk a tort\u00e1t. Igaz\u00e1n boldog, \u00fcnnepi pillanat. (Egy \u00e9vvel k\u00e9s\u0151bb, ezen a napon [&hellip;]<\/p>\n","protected":false},"author":2,"featured_media":0,"comment_status":"closed","ping_status":"closed","sticky":false,"template":"","format":"standard","meta":{"footnotes":""},"categories":[291],"tags":[297],"class_list":["post-2534","post","type-post","status-publish","format-standard","hentry","category-az-instarol","tag-instagram","has_no_thumb"],"_links":{"self":[{"href":"https:\/\/gyorgydragoman.com\/index.php?rest_route=\/wp\/v2\/posts\/2534","targetHints":{"allow":["GET"]}}],"collection":[{"href":"https:\/\/gyorgydragoman.com\/index.php?rest_route=\/wp\/v2\/posts"}],"about":[{"href":"https:\/\/gyorgydragoman.com\/index.php?rest_route=\/wp\/v2\/types\/post"}],"author":[{"embeddable":true,"href":"https:\/\/gyorgydragoman.com\/index.php?rest_route=\/wp\/v2\/users\/2"}],"replies":[{"embeddable":true,"href":"https:\/\/gyorgydragoman.com\/index.php?rest_route=%2Fwp%2Fv2%2Fcomments&post=2534"}],"version-history":[{"count":1,"href":"https:\/\/gyorgydragoman.com\/index.php?rest_route=\/wp\/v2\/posts\/2534\/revisions"}],"predecessor-version":[{"id":2535,"href":"https:\/\/gyorgydragoman.com\/index.php?rest_route=\/wp\/v2\/posts\/2534\/revisions\/2535"}],"wp:attachment":[{"href":"https:\/\/gyorgydragoman.com\/index.php?rest_route=%2Fwp%2Fv2%2Fmedia&parent=2534"}],"wp:term":[{"taxonomy":"category","embeddable":true,"href":"https:\/\/gyorgydragoman.com\/index.php?rest_route=%2Fwp%2Fv2%2Fcategories&post=2534"},{"taxonomy":"post_tag","embeddable":true,"href":"https:\/\/gyorgydragoman.com\/index.php?rest_route=%2Fwp%2Fv2%2Ftags&post=2534"}],"curies":[{"name":"wp","href":"https:\/\/api.w.org\/{rel}","templated":true}]}}