{"id":2662,"date":"2019-05-27T11:06:06","date_gmt":"2019-05-27T09:06:06","guid":{"rendered":"http:\/\/gyorgydragoman.com\/?p=2662"},"modified":"2019-05-27T11:06:06","modified_gmt":"2019-05-27T09:06:06","slug":"may-27-2019-at-1046am","status":"publish","type":"post","link":"https:\/\/gyorgydragoman.com\/?p=2662","title":{"rendered":"May 27, 2019 at 10:46AM"},"content":{"rendered":"<p><img decoding=\"async\" src=\"https:\/\/scontent.xx.fbcdn.net\/v\/t1.0-9\/s720x720\/61190525_2018639488245735_6049139399768145920_o.jpg?_nc_cat=109&#038;_nc_ht=scontent.xx&#038;oh=1ce5e048cf8188f0145b128c8c6c10bf&#038;oe=5D56880F\"> Tegnap este David Armitage, polg\u00e1rh\u00e1bor\u00fa \u00e9s nemzetk\u00f6zi egyezm\u00e9ny specialista koll\u00e9g\u00e1m tartott igen frapp\u00e1ns el\u0151ad\u00e1st itt a Wissenschaftskolleg nagyterm\u00e9ben, a nemzetk\u00f6zi egyezm\u00e9ny int\u00e9zm\u00e9ny\u00e9nek v\u00e1ltoz\u00e1s\u00e1r\u00f3l \u00e9s gyeng\u00fcl\u00e9s\u00e9r\u0151l, mindezt hossz\u00fat\u00e1von t\u00f6rt\u00e9nelmi \u00e9s jogi szempontb\u00f3l vizsg\u00e1lva.<br \/>\nA csurig telt teremben k\u00f6zben persze mindenki azon izgult, milyen eredm\u00e9nyt hoznak majd a Eur\u00f3pai Parlamenti v\u00e1laszt\u00e1sok a saj\u00e1t haz\u00e1j\u00e1ban, szinte \u00e9rezhet\u0151 volt, hogy Eur\u00f3pa nev\u0171 haj\u00f3 ereszt\u00e9kei recsegnek-ropognak.<br \/>\nAzt\u00e1n hossz\u00fa, hol rem\u00e9nyteljes, hol szomor\u00fa, hol aggodalmas, hol bizakod\u00f3 besz\u00e9lget\u00e9sek k\u00f6vetkeztek, azt lehetett \u00e9rezni, hogy minden neh\u00e9zs\u00e9g \u00e9s fesz\u00fclts\u00e9g ellen\u00e9re, a tud\u00f3s k\u00f6z\u00f6ss\u00e9g b\u00edzik az uni\u00f3 j\u00f6v\u0151j\u00e9ben, hiszen mi m\u00e1st is tehetne.<br \/>\nMerthogy enn\u00e9l jobbat senkinek se siker\u00fclt eddig kital\u00e1lni, v\u00e9gs\u0151 soron ez az eg\u00e9sz arr\u00f3l sz\u00f3l, hogy valahogy nagyon nehezen, de csak megegyezt\u00fcnk abban, t\u00f6bb\u00e9 nem \u00f6lj\u00fck egym\u00e1st, hacsak lehet, nem \u00e1sunk t\u00f6megs\u00edrokat, \u00e9s ezt eddig siker\u00fclt betartani.<br \/>\nA b\u00e9ke nem evidens, a szabads\u00e1g nem evidens, vannak itt olyan koll\u00e9g\u00e1im is, akiknek ezt a saj\u00e1t b\u0151r\u00fck\u00f6n kellett megtapasztalniuk.<br \/>\n#EU #v\u00e1laszt\u00e1sok<br \/>\nforr\u00e1s Dragom\u00e1n Gy\u00f6rgy http:\/\/bit.ly\/30P9keX<\/p>\n","protected":false},"excerpt":{"rendered":"<p>Tegnap este David Armitage, polg\u00e1rh\u00e1bor\u00fa \u00e9s nemzetk\u00f6zi egyezm\u00e9ny specialista koll\u00e9g\u00e1m tartott igen frapp\u00e1ns el\u0151ad\u00e1st itt a Wissenschaftskolleg nagyterm\u00e9ben, a nemzetk\u00f6zi egyezm\u00e9ny int\u00e9zm\u00e9ny\u00e9nek v\u00e1ltoz\u00e1s\u00e1r\u00f3l \u00e9s gyeng\u00fcl\u00e9s\u00e9r\u0151l, mindezt hossz\u00fat\u00e1von t\u00f6rt\u00e9nelmi \u00e9s jogi [&hellip;]<\/p>\n","protected":false},"author":2,"featured_media":0,"comment_status":"closed","ping_status":"closed","sticky":false,"template":"","format":"standard","meta":{"footnotes":""},"categories":[18],"tags":[134],"class_list":["post-2662","post","type-post","status-publish","format-standard","hentry","category-naplo","tag-igyvolt","has_no_thumb"],"_links":{"self":[{"href":"https:\/\/gyorgydragoman.com\/index.php?rest_route=\/wp\/v2\/posts\/2662","targetHints":{"allow":["GET"]}}],"collection":[{"href":"https:\/\/gyorgydragoman.com\/index.php?rest_route=\/wp\/v2\/posts"}],"about":[{"href":"https:\/\/gyorgydragoman.com\/index.php?rest_route=\/wp\/v2\/types\/post"}],"author":[{"embeddable":true,"href":"https:\/\/gyorgydragoman.com\/index.php?rest_route=\/wp\/v2\/users\/2"}],"replies":[{"embeddable":true,"href":"https:\/\/gyorgydragoman.com\/index.php?rest_route=%2Fwp%2Fv2%2Fcomments&post=2662"}],"version-history":[{"count":1,"href":"https:\/\/gyorgydragoman.com\/index.php?rest_route=\/wp\/v2\/posts\/2662\/revisions"}],"predecessor-version":[{"id":2663,"href":"https:\/\/gyorgydragoman.com\/index.php?rest_route=\/wp\/v2\/posts\/2662\/revisions\/2663"}],"wp:attachment":[{"href":"https:\/\/gyorgydragoman.com\/index.php?rest_route=%2Fwp%2Fv2%2Fmedia&parent=2662"}],"wp:term":[{"taxonomy":"category","embeddable":true,"href":"https:\/\/gyorgydragoman.com\/index.php?rest_route=%2Fwp%2Fv2%2Fcategories&post=2662"},{"taxonomy":"post_tag","embeddable":true,"href":"https:\/\/gyorgydragoman.com\/index.php?rest_route=%2Fwp%2Fv2%2Ftags&post=2662"}],"curies":[{"name":"wp","href":"https:\/\/api.w.org\/{rel}","templated":true}]}}