{"id":29,"date":"2006-02-23T13:04:20","date_gmt":"2006-02-23T12:04:20","guid":{"rendered":"http:\/\/thewhiteking.org\/?p=29"},"modified":"2006-02-23T13:04:20","modified_gmt":"2006-02-23T12:04:20","slug":"velkey-gyorgy-a-feher-kiralyrol","status":"publish","type":"post","link":"https:\/\/gyorgydragoman.com\/?p=29","title":{"rendered":"Velkey Gy\u00f6rgy A feh\u00e9r kir\u00e1lyr\u00f3l"},"content":{"rendered":"<blockquote><p>Forr\u00e1s: <a href=\"http:\/\/www.szepirodalmifigyelo.hu\/05-6-020_dragoman_velkey.pdf\">Sz\u00e9pirodalmi Figyel\u0151<\/a> 2005\/6-os sz\u00e1ma<\/p><\/blockquote>\n<p>Dragom\u00e1n Gy\u00f6rgy 1973-ban sz\u00fcletett Marosv\u00e1s\u00e1rhelyen. 1988 \u00f3ta \u00e9l Magyarorsz\u00e1gon. A puszt\u00edt\u00e1s k\u00f6nyve (Balassi Kiad\u00f3, 2002) ut\u00e1n &#8211; mely\u00e9rt 2003-ban Br\u00f3dy S\u00e1ndor-d\u00edjat kapott &#8211; id\u00e9n \u00faj reg\u00e9nnyel l\u00e9pett az olvas\u00f3k\u00f6z\u00f6ns\u00e9g el\u00e9. Reg\u00e9nyein k\u00edv\u00fcl t\u00f6bb ford\u00edt\u00e1sa is megjelent, valamint 2003-ban napvil\u00e1got l\u00e1tott Nihil c\u00edm\u00fb dr\u00e1m\u00e1ja.<br \/>\nLeg\u00fajabb m\u00fbve, A feh\u00e9r kir\u00e1ly tizennyolc epiz\u00f3d egy fi\u00fa \u00e9let\u00e9b\u00f5l, saj\u00e1t &#8211; napl\u00f3szer\u00fb &#8211; elbesz\u00e9l\u00e9s\u00e9ben. A besz\u00e9dm\u00f3d fiatalos, lend\u00fcletes, \u00e9leth\u00fb. A reg\u00e9ny temp\u00f3j\u00e1t gyors\u00edtja, hogy a fejezetek k\u00f6z\u00f6tt nincs szerves kapcsolat, novell\u00e1kk\u00e9nt is olvashat\u00f3k. <!--more-->Az esem\u00e9nyek id\u00f5ben egym\u00e1s ut\u00e1n k\u00f6vetkeznek, de t\u00falnyom\u00f3r\u00e9szt nem hatnak egym\u00e1sra, a szerepl\u00f5k \u00e1ltal\u00e1ban csak egy-egy fejezetben t\u00fbnnek fel, tov\u00e1bbi sorsuk hom\u00e1lyban marad. Nem der\u00fcl f\u00e9ny arra sem, hogy hol \u00e9s mikor j\u00e1tsz\u00f3dnak a t\u00f6rt\u00e9netek; legink\u00e1bb a nyolcvanas \u00e9vek Rom\u00e1ni\u00e1ja rajzol\u00f3dik ki a sorok m\u00f6g\u00fcl.<br \/>\nA tizenegy \u00e9ves kisfi\u00fa, akit Dzs\u00e1t\u00e1nak h\u00edvnak, \u00e9desanyj\u00e1val \u00e9l, harmonikus, gyermekien meleg kapcsolatban. Szeg\u00e9nyek, de nem feledkeznek meg a n\u00e1luk szeg\u00e9nyebbekr\u00f5l. \u00c9let\u00fckre r\u00e1nyomja a b\u00e9lyeg\u00e9t a kommunista diktat\u00fara, amely a csal\u00e1df\u00f5t munkat\u00e1borba hurcolta, \u00e9s folyamatosan f\u00e9lelemben tartja a csonka csal\u00e1dot. A fi\u00fa elbesz\u00e9l\u00e9se m\u00f6g\u00f6tt ott h\u00faz\u00f3dik a rendszer embertelens \u00e9g\u00e9nek gyermeki tapasztalata; igazs\u00e1g\u00e9rzete nem h\u00e1borog, teljesen alkalmazkodik a k\u00f6rnyezet\u00e9hez. Megtanulja, hogy nem mindig a legjobb eredm\u00e9ny\u00e9rt j\u00e1r az els\u00f5 d\u00edj, hogy a futballmeccset n\u00e9ha el kell adni, .hogy veszteni tudni kell.. Nem panaszkodik, nem \u00e9rt\u00e9kel, csak mes\u00e9l. Nagyon pontos megfigyel\u00f5. Sok mindent nem \u00e9rt, \u00e1m mi mindent \u00e9rt\u00fcnk, \u00e9s d\u00fch\u00f6ng\u00fcnk. A gyermek kiszolg\u00e1ltatott, \u00e1ldozat.<br \/>\nH\u00f5s\u00fcnk a neh\u00e9z k\u00f6r\u00fclm\u00e9nyek ellen\u00e9re is vid\u00e1m kiskamasz. Dragom\u00e1n kiv\u00e1l\u00f3an \u00e9rz\u00e9kelteti ennek az \u00e9letkornak a saj\u00e1tos vil\u00e1g\u00e1t, ami vitathatatlanul A P\u00e1l utcai fi\u00fak rokon\u00e1v\u00e1 teszi a reg\u00e9nyt. Az esem\u00e9nyek itt is t\u00f6bbnyire az iskola, a j\u00e1t\u00e9k \u00e9s a . helyenk\u00e9nt ak\u00e1r kegyetlen . bandah \u00e1bor\u00fak k\u00f6r\u00fcl csoportosulnak. N\u00e9ha a feln\u00f5ttek j\u00e1rnak \u00e9len az \u00e9rz\u00e9ketlens\u00e9gben: az egyik epiz\u00f3dban n\u00e9h\u00e1ny helyi munk\u00e1s elhiteti a f\u00f5h\u00f5ssel, hogy az apj\u00e1val dolgoztak a munkat\u00e1borban, \u00e9s az \u00e9desapa is hamarosan haza\u00e9r, m\u00e1r a v\u00e1rosban van. A fi\u00fa csal\u00f3dotts\u00e1ga \u00e9s f\u00e1jdalma megrend\u00edt\u00f5, amikor r\u00e1eszm\u00e9l, hogy g\u00fanyt \u00fbztek bel\u00f5le: nem is az apja \u00e9rkezett haza, hanem egy Cs\u00e1k\u00e1ny nev\u00fb, sebhelyes arc\u00fa munk\u00e1s. \u00d5, Cs\u00e1k\u00e1ny lesz az, aki k\u00e9s\u00f5bb paradox m\u00f3don val\u00f3ban p\u00f3tolni fogja Dzs\u00e1t\u00e1 apj\u00e1t, amikor egy elfajul\u00f3 csetepat\u00e9 sor\u00e1n megmenti a gyermek \u00e9let\u00e9t r\u00e1t\u00f6r\u00f5 t\u00e1rsait\u00f3l.<br \/>\nN\u00e9h\u00e1ny alkalommal megjelenik a serd\u00fcl\u00f5 vil\u00e1g \u00e9bredez\u00f5 szexualit\u00e1sa is. Dzs\u00e1t\u00e1 elmes\u00e9li, mi az a .nagyl\u00e1ny-szag., \u00e9s besz\u00e1mol egy izgalmas filmr\u00f5l egy titkos moziteremben, valamint arr\u00f3l, hogyan \u00e9rintett meg \u00e9let\u00e9ben el\u00f5sz\u00f6r egy l\u00e1nyt. A fi\u00fa elbesz\u00e9l\u00e9s\u00e9b\u00f5l nyomon k\u00f6vethetj\u00fck, ahogy kiny\u00edlik sz\u00e1m\u00e1ra a vil\u00e1g. M\u00e9g t\u00f6retlen a feln\u00f5ttek . k\u00fcl\u00f6n\u00f6sen a napr\u00f3l napra hazav\u00e1rt \u00e9desapa . ir\u00e1nti tisztelete, de a csal\u00e1di hazugs\u00e1gok egyre kev\u00e9sb\u00e9 adnak v\u00e1laszt \u00fajabb \u00e9s \u00fajabb k\u00e9rd\u00e9seire. Nehezen siker\u00fcl t\u00e1mpontot tal\u00e1lnia az ellent\u00e9tes v\u00e9lem\u00e9nyeket k\u00e9pvisel\u00f5 feln\u00f5tt t\u00e1rsadalomban.<br \/>\nDragom\u00e1n, mint feln\u00f5tt, egyed\u00fcl a c\u00edmad\u00e1ssal . egy jelent\u00e9ktelennek t\u00fbn\u00f5 momentum kiemel\u00e9s\u00e9vel . avatkozik be a gyermek elbesz\u00e9l\u00e9s\u00e9be. K\u00e9rd\u00e9s, mire utal a jelenet: a fi\u00fa egy sakkg\u00e9p ellen j\u00e1tszik, leemeli a t\u00e1bl\u00e1r\u00f3l a feh\u00e9r kir\u00e1lyt, ekkor az am\u00fagy gy\u00f5zelemre \u00e1ll\u00f3 robot les\u00f6pri az \u00f6sszes b\u00e1but, \u00e9s t\u00f6nkremegy.<br \/>\nA szerz\u00f5 egy izgalmas, fordulatos, napl\u00f3szer\u00fb gyermeki \u00e9lm\u00e9nybesz\u00e1mol\u00f3t alkotott. A kommunizmus embertelens \u00e9g\u00e9t bemutatni akar\u00f3 szerz\u00f5i sz\u00e1nd\u00e9k nem deform\u00e1lja a sz\u00f6veget. A p\u00e1rbesz\u00e9dek hi\u00e1nya \u00e9s a hossz\u00fa mondatok ellen\u00e9re nagy lend\u00fclettel, mag\u00e1val ragad\u00f3 cselekm\u00e9nyf\u00fbz\u00e9ssel, realista l\u00e9lek- \u00e9s k\u00f6rnyezet \u00e1br\u00e1zol\u00e1ssal sz\u00f3rakoztat, tan\u00edt \u00e9s hat meg benn\u00fcnket. A puszt\u00edt\u00e1s k\u00f6nyv\u00e9hez k\u00e9pest Dragom\u00e1n pr\u00f3zanyelve \u00e9rettebb\u00e9 v\u00e1lt. Az ott m\u00e1rmegcsod\u00e1lt szeml\u00e9letess\u00e9g, apr\u00f3l\u00e9kos \u00e1br\u00e1zol\u00e1s itt t\u00f6m\u00f6r cselekm\u00e9nyle \u00edr\u00e1ssal p\u00e1rosul, letehetetlen reg\u00e9nyt alkotva.<\/p>\n","protected":false},"excerpt":{"rendered":"<p>Forr\u00e1s: Sz\u00e9pirodalmi Figyel\u0151 2005\/6-os sz\u00e1ma Dragom\u00e1n Gy\u00f6rgy 1973-ban sz\u00fcletett Marosv\u00e1s\u00e1rhelyen. 1988 \u00f3ta \u00e9l Magyarorsz\u00e1gon. A puszt\u00edt\u00e1s k\u00f6nyve (Balassi Kiad\u00f3, 2002) ut\u00e1n &#8211; mely\u00e9rt 2003-ban Br\u00f3dy S\u00e1ndor-d\u00edjat kapott &#8211; id\u00e9n \u00faj [&hellip;]<\/p>\n","protected":false},"author":1,"featured_media":0,"comment_status":"closed","ping_status":"open","sticky":false,"template":"","format":"standard","meta":{"footnotes":""},"categories":[9,8],"tags":[],"class_list":["post-29","post","type-post","status-publish","format-standard","hentry","category-a-feher-kiralyrol","category-kritikak","has_no_thumb"],"_links":{"self":[{"href":"https:\/\/gyorgydragoman.com\/index.php?rest_route=\/wp\/v2\/posts\/29","targetHints":{"allow":["GET"]}}],"collection":[{"href":"https:\/\/gyorgydragoman.com\/index.php?rest_route=\/wp\/v2\/posts"}],"about":[{"href":"https:\/\/gyorgydragoman.com\/index.php?rest_route=\/wp\/v2\/types\/post"}],"author":[{"embeddable":true,"href":"https:\/\/gyorgydragoman.com\/index.php?rest_route=\/wp\/v2\/users\/1"}],"replies":[{"embeddable":true,"href":"https:\/\/gyorgydragoman.com\/index.php?rest_route=%2Fwp%2Fv2%2Fcomments&post=29"}],"version-history":[{"count":0,"href":"https:\/\/gyorgydragoman.com\/index.php?rest_route=\/wp\/v2\/posts\/29\/revisions"}],"wp:attachment":[{"href":"https:\/\/gyorgydragoman.com\/index.php?rest_route=%2Fwp%2Fv2%2Fmedia&parent=29"}],"wp:term":[{"taxonomy":"category","embeddable":true,"href":"https:\/\/gyorgydragoman.com\/index.php?rest_route=%2Fwp%2Fv2%2Fcategories&post=29"},{"taxonomy":"post_tag","embeddable":true,"href":"https:\/\/gyorgydragoman.com\/index.php?rest_route=%2Fwp%2Fv2%2Ftags&post=29"}],"curies":[{"name":"wp","href":"https:\/\/api.w.org\/{rel}","templated":true}]}}