{"id":31,"date":"2006-02-23T13:40:46","date_gmt":"2006-02-23T12:40:46","guid":{"rendered":"http:\/\/thewhiteking.org\/?p=31"},"modified":"2006-02-23T13:40:46","modified_gmt":"2006-02-23T12:40:46","slug":"tompa-andrea-haborus-gyerekek-nem-babaznak","status":"publish","type":"post","link":"https:\/\/gyorgydragoman.com\/?p=31","title":{"rendered":"Tompa Andrea: H\u00e1bor\u00fas gyerekek nem bab\u00e1znak"},"content":{"rendered":"<blockquote><p>Forr\u00e1s: <a href=\"http:\/\/www.medical-tribune.hu\/index.php?pid=2&#038;lid=1&#038;sid=159&#038;aid=2679\">Medical Tribune<\/a><\/p><\/blockquote>\n<p>1989 december\u00e9ben Kolozsv\u00e1ron l\u00e1ttam egy gyereket az utc\u00e1n, aki ban\u00e1nt evett. A rom\u00e1n forradalom napjaiban t\u00f6rt\u00e9nt, amikor m\u00e1r meg\u00e9rkeztek a k\u00fclf\u00f6ldi seg\u00e9lyek. A gyerek t\u00edz\u00e9ves lehetett. H\u00e9jast\u00f3l ette a ban\u00e1nt, val\u00f3sz\u00edn\u0171leg \u00e9let\u00e9ben el\u0151sz\u00f6r.<!--more--> \u201e\u00c9n azel\u0151tt sose l\u00e1ttam olyat, hogy valaki a ny\u00edlt utc\u00e1n ban\u00e1nt egyen\u201d \u2013 \u00edrja Dragom\u00e1n Gy\u00f6rgy. Mert \u00edzl\u00e9stelen mutatv\u00e1ny lett volna, ott \u00e9s akkor.<\/p>\n<p>A feh\u00e9r kir\u00e1ly c\u00edm\u0171 reg\u00e9ny a feh\u00e9r kir\u00e1lyr\u00f3l sz\u00f3l. Arr\u00f3l, aki nincs: az ap\u00e1r\u00f3l, akit valamikor a nyolcvanas \u00e9vekben Erd\u00e9ly egyik nagyv\u00e1ros\u00e1b\u00f3l elvisznek \u2013 meg\u00e9p\u00edteni a Duna-csatorn\u00e1t. A kort\u00e1rs irodalom nagy t\u00e9m\u00e1ja az apa, az elveszett,<br \/>\nim\u00e1dott, megismert, majd f\u00e9lreismert apa. Azok az ap\u00e1k, akik nincsenek, elhagytak minket, megsz\u00f6ktek a vil\u00e1gb\u00f3l, er\u0151szakosan elhurcolt\u00e1k \u0151ket, vagy jelen vannak \u00e9s szeretnek, de nem tudunk r\u00f3luk semmit, s csak ut\u00f3lag fogjuk fel, hogy becsaptak. Ez az apa a feh\u00e9r kir\u00e1ly: a leg\u00e9rt\u00e9kesebb figura a sakkban, minden j\u00e1tszm\u00e1ban, m\u00e9g abban is, amelyet m\u00e1r eleve a vesztes oldalr\u00f3l, feket\u00e9vel kell ind\u00edtani.<\/p>\n<p>E sz\u00e9p \u00e9s dr\u00e1mai erej\u0171 reg\u00e9ny elbesz\u00e9l\u0151je egy kamasz, aki a maga k\u00fcl\u00f6n\u00f6s gyerekszemsz\u00f6g\u00e9b\u0151l szeml\u00e9li ezt az ellens\u00e9ges \u00e9s kisz\u00e1m\u00edthatatlan vil\u00e1got. Ha nem \u00e9rt is bel\u0151le sokat \u2013 mert felfoghatatlan, \u00fagy, ahogy minden trag\u00e9dia \u00e9s egyetlens\u00e9g<br \/>\naz \u2013, n\u00e9zi, tapasztalja \u00e9s \u00e9rteni akarja. A t\u00f6rt\u00e9net ugyanannyira t\u00f6redezett, mint a vil\u00e1g, amelyb\u0151l kibesz\u00e9l: lez\u00e1ratlan t\u00f6rt\u00e9netek, esem\u00e9nyek sorj\u00e1znak, iskolai vereked\u00e9sek, furcsa nagysz\u00fcl\u0151k, bizarr alakok, vicces kalandok. A gyerekelbesz\u00e9l\u0151 szem\u00e9ben egym\u00e1s mell\u00e9 ker\u00fclnek a fontos \u00e9s a l\u00e9nyegtelen dolgok, apr\u00f3 r\u00e9szletek \u00e9s megfigyel\u00e9sek, mert \u0151 a nem a feln\u0151ttvil\u00e1g rendje \u00e9s hierarchi\u00e1ja szerint l\u00e1t. Ebben a reg\u00e9nyben nem a gondolatok gondolkodnak, itt senki sem elemez vagy reflekt\u00e1l, mint egy feln\u0151tt. Itt a nyelv, a l\u00e1t\u00e1sm\u00f3d \u00e9s a mondatszerkeszt\u00e9s gondolkodik: ahogy olykor v\u00e9gtelen hossz\u00fa mondataiban elbesz\u00e9l egy-egy patetikus vagy megr\u00e1z\u00f3an tragikus t\u00f6rt\u00e9netet, amit mindannyiszor az szel\u00edd\u00edt meg, hogy aki besz\u00e9l, az egy gyerek.<\/p>\n<p>B\u00e1r gyereknek lenni \u00e9s f\u0151k\u00e9nt maradni itt nem lehet. Mondj\u00e1k, hogy az auschwitzi gyerekek azt j\u00e1tszott\u00e1k, amit maguk k\u00f6r\u00fcl l\u00e1ttak: volt egy parancsnok, k\u00fcl\u00f6nv\u00e1lasztott\u00e1k a fi\u00fakat \u00e9s a l\u00e1nyokat, lev\u00e1gt\u00e1k a hajukat \u00e9s ordib\u00e1ltak vel\u00fck. Ma bizony\u00e1ra \u00fagy j\u00e1tszanak pap\u00e1st-mam\u00e1st, hogy a gyerekek verik egym\u00e1st \u00e9s \u00fcv\u00f6lt\u00f6znek. A Dragom\u00e1n k\u00f6nyv\u00e9ben szerepl\u0151 gyerekek is gyilkos j\u00e1t\u00e9kokat j\u00e1tszanak, amikor igazi h\u00e1bor\u00fat v\u00edvnak egy focilabd\u00e1\u00e9rt. \u0150, az elbesz\u00e9l\u0151 pedig ugyanolyan kegyetlennek bizonyul a n\u00e1la is gyeng\u00e9bb \u00e9s szeg\u00e9nyebb gyerekkel, aki \u00e9ppen a sz\u00fclet\u00e9snapj\u00e1n csenget be hozz\u00e1juk, hogy eladjon n\u00e9h\u00e1ny \u00e1ltala k\u00e9sz\u00edtett v\u00e1llf\u00e1t. Mert az emberi kegyetlens\u00e9g \u00f6r\u00f6kletes. \u00c9s csak a szel\u00edd \u00e9s \u00f6szszet\u00f6rt anya ellenpontozza ezt a k\u00e9ts\u00e9gbeejt\u0151 vil\u00e1got, \u0151 sohasem<br \/>\n\u00fct\u00e9sre emeli a kez\u00e9t, csak simogat\u00e1sra.<\/p>\n<p>Ez a gyerek-elbesz\u00e9l\u0151 egyvalamit biztosan tud: hogy vissza akarja szerezni a feh\u00e9r kir\u00e1lyt, az ap\u00e1t, akinek a l\u00e9tez\u00e9s\u00e9ben rend\u00fcletlen\u00fcl hisz. Ez az apa lehetne isten alakv\u00e1ltozata is. A feh\u00e9r kir\u00e1lyt, mag\u00e1t a csontb\u00f3l k\u00e9sz\u00fclt sakkfigur\u00e1t abban a fejezetben lopja el, amelyben az anya elmegy \u00e9s leborul egy nagyhatalm\u00fa ember el\u0151tt, hogy kiszabad\u00edtsa f\u00e9rj\u00e9t. A gyereket elt\u00e1vol\u00edtj\u00e1k a szob\u00e1b\u00f3l, hogy a felaj\u00e1nlottn\u00e1l is magasabb \u00e1rat fizettessenek meg egy n\u0151vel, a kisfi\u00fa pedig egy j\u00e1tszm\u00e1ba fog egy sakkg\u00e9ppel. Es\u00e9lye sincs gy\u0151zni. A g\u00e9p egyre apokaliptikus, azoknak a d\u00e9monoknak az alakj\u00e1t \u00f6lti fel, akik am\u00fagy a mindennapokban k\u00f6r\u00fclveszik. De a kisfi\u00fa kitol a g\u00e9ppel: ellopja a kir\u00e1lyt. A g\u00e9p teh\u00e1t m\u00e1r sohasem fog nyerni. \u0150 pedig sohasem lesz gyerek. J\u00f3 lenne ezt kev\u00e9sb\u00e9 \u00e9rteni\u2026<\/p>\n","protected":false},"excerpt":{"rendered":"<p>Forr\u00e1s: Medical Tribune 1989 december\u00e9ben Kolozsv\u00e1ron l\u00e1ttam egy gyereket az utc\u00e1n, aki ban\u00e1nt evett. A rom\u00e1n forradalom napjaiban t\u00f6rt\u00e9nt, amikor m\u00e1r meg\u00e9rkeztek a k\u00fclf\u00f6ldi seg\u00e9lyek. A gyerek t\u00edz\u00e9ves lehetett. H\u00e9jast\u00f3l [&hellip;]<\/p>\n","protected":false},"author":1,"featured_media":0,"comment_status":"closed","ping_status":"open","sticky":false,"template":"","format":"standard","meta":{"footnotes":""},"categories":[9,8],"tags":[],"class_list":["post-31","post","type-post","status-publish","format-standard","hentry","category-a-feher-kiralyrol","category-kritikak","has_no_thumb"],"_links":{"self":[{"href":"https:\/\/gyorgydragoman.com\/index.php?rest_route=\/wp\/v2\/posts\/31","targetHints":{"allow":["GET"]}}],"collection":[{"href":"https:\/\/gyorgydragoman.com\/index.php?rest_route=\/wp\/v2\/posts"}],"about":[{"href":"https:\/\/gyorgydragoman.com\/index.php?rest_route=\/wp\/v2\/types\/post"}],"author":[{"embeddable":true,"href":"https:\/\/gyorgydragoman.com\/index.php?rest_route=\/wp\/v2\/users\/1"}],"replies":[{"embeddable":true,"href":"https:\/\/gyorgydragoman.com\/index.php?rest_route=%2Fwp%2Fv2%2Fcomments&post=31"}],"version-history":[{"count":0,"href":"https:\/\/gyorgydragoman.com\/index.php?rest_route=\/wp\/v2\/posts\/31\/revisions"}],"wp:attachment":[{"href":"https:\/\/gyorgydragoman.com\/index.php?rest_route=%2Fwp%2Fv2%2Fmedia&parent=31"}],"wp:term":[{"taxonomy":"category","embeddable":true,"href":"https:\/\/gyorgydragoman.com\/index.php?rest_route=%2Fwp%2Fv2%2Fcategories&post=31"},{"taxonomy":"post_tag","embeddable":true,"href":"https:\/\/gyorgydragoman.com\/index.php?rest_route=%2Fwp%2Fv2%2Ftags&post=31"}],"curies":[{"name":"wp","href":"https:\/\/api.w.org\/{rel}","templated":true}]}}