{"id":45,"date":"2006-03-22T01:42:29","date_gmt":"2006-03-22T00:42:29","guid":{"rendered":"http:\/\/thewhiteking.org\/?p=45"},"modified":"2006-03-22T01:42:29","modified_gmt":"2006-03-22T00:42:29","slug":"bazsanyi-sandor-ex-libris-e-az-es-ben","status":"publish","type":"post","link":"https:\/\/gyorgydragoman.com\/?p=45","title":{"rendered":"Bazs\u00e1nyi S\u00e1ndor Ex-Libris-e az \u00c9S-ben"},"content":{"rendered":"<blockquote><p>Az \u00edr\u00e1s az <a href=\"http:\/\/www.es.hu\/pd\/display.asp?channel=KRITIKA0547&#038;article=2005-1127-2138-04DWLU\">\u00c9S<\/a>-ben jelent meg<\/p><\/blockquote>\n<p>Dragom\u00e1n Gy\u00f6rgy m\u00e1sodik k\u00f6nyve, m\u0171faj\u00e1t tekintve, ahogyan azt k\u00f6tet\u00fcnk harmadik oldal\u00e1n olvashatjuk: &#8220;reg\u00e9ny&#8221;. Reg\u00e9ny, mivel a k\u00f6zelm\u00falt Rom\u00e1ni\u00e1j\u00e1ban j\u00e1tsz\u00f3d\u00f3, tizennyolc kisebb r\u00e9szbe t\u00f6rdelt t\u00f6rt\u00e9netnek, amelyet egy tizen\u00e9ves fi\u00fa mes\u00e9l, keretes \u00edve van, eml\u00e9kezetes kezd\u0151- \u00e9s v\u00e9gponttal: <!--more-->az antikommunista apa letart\u00f3ztat\u00e1s\u00e1nak \u00e9s a kommunista nagyapa temet\u00e9s\u00e9nek jeleneteivel. Ugyanakkor lehet a fejezeteket ak\u00e1r k\u00fcl\u00f6n-k\u00fcl\u00f6n egys\u00e9gekk\u00e9nt is &#8211; noha term\u00e9szetesen szigor\u00faan egym\u00e1s ut\u00e1n &#8211; olvasni, hiszen mindegyiknek ugyanaz a szociol\u00f3giai h\u00e1ttere, hangulati-\u00e9rz\u00fcleti keretfelt\u00e9tele: a nyolcvanas \u00e9vek Rom\u00e1ni\u00e1j\u00e1nak feln\u0151ttvil\u00e1ga &#8211; gyermeki l\u00e1t\u00f3sz\u00f6gb\u0151l.<\/p>\n<p>A feln\u0151tt lehet rend\u0151r, tan\u00e1r, \u00e9p\u00edt\u0151ipari munk\u00e1s, l\u00e9nyeg\u00e9ben b\u00e1rki, aki a diktat\u00f3rikus rendszer r\u00e9sze, ak\u00e1r fenntart\u00f3jak\u00e9nt, ak\u00e1r elszenved\u0151jek\u00e9nt, ak\u00e1r haszon\u00e9lvez\u0151jek\u00e9nt, ak\u00e1r k\u00e1rvallottjak\u00e9nt. N\u00e9zz\u00fck most az iskolaigazgat\u00f3 elvt\u00e1rs f\u00fcgg\u0151 monol\u00f3gj\u00e1t a k\u00f6z\u00f6s mozil\u00e1togat\u00e1s \u00e1ramsz\u00fcnet\u00e9ben: &#8220;&#8230;\u00e9s vegy\u00e9k tudom\u00e1sul, hogy perceken bel\u00fcl vissza fog j\u00f6nni az \u00e1ram, \u00e9s akkor folytat\u00f3dni fog a vet\u00edt\u00e9s, \u00e9s aki nem lesz a hely\u00e9n, mikor felkapcsolj\u00e1k a villanyt, azt kar\u00f3ba h\u00fazatja, felakasztja az iskolaudvaron, \u00e9s szem\u00e9lyesen t\u00e9pi ki a sz\u00edv\u00e9t, mert elj\u00f6tt az ideje, hogy ez az utols\u00f3 treh\u00e1ny, h\u00f3h\u00e1ny\u00f3 banda megtanulja egyszer \u00e9s mindenkorra, hogy mi a fegyelem&#8230;&#8221; (227.) Ezt ak\u00e1r &#8211; a sz\u00fcks\u00e9ges \u00e1tt\u00e9telekkel &#8211; Ottlik Iskol\u00e1j\u00e1nak Schulz\u00e9ja is mondhatta volna, lesz\u00e1m\u00edtva persze azt a j\u00f3kora k\u00fcl\u00f6nbs\u00e9get, hogy Dragom\u00e1nn\u00e1l a szem\u00e9lytelen hatalom egyik arctalan \u00e9s statikus figur\u00e1j\u00e1val \u00e1llunk szemben, m\u00edg a hat\u00e1rsz\u00e9li iskola altisztj\u00e9nek szem\u00e9lyis\u00e9g\u00e9r\u0151l az \u00e1br\u00e1zol\u00e1s sor\u00e1n kider\u00fcl, hogy szerethet\u0151, mivel t\u00f6bbr\u00e9teg\u0171 \u00e9s dinamikus. R\u00e1ad\u00e1sul az &#8211; egy\u00e9bk\u00e9nt makul\u00e1tlan &#8211; anya is csak azon a nyelven besz\u00e9lhet, egyfajta k\u00e9nyszerp\u00e1ly\u00e1ra \u00e1ll\u00edtva, amelyen a t\u00f6bbiek, a rendszer \u00e1ltal megk\u00f6t\u00f6tt s \u00edgy megsz\u00f3lal\u00e1sukban, besz\u00e9dhelyzet\u00fckben m\u00e1r eleve korl\u00e1tozott feln\u0151ttek nyelv\u00e9n: &#8220;&#8230;anya r\u00e1m n\u00e9zett, azt mondta, hogy \u00f6r\u00fcljek, hogy nem tudom, mi az \u00e9hez\u00e9s&#8230;&#8221; (215.) Kiv\u00e9tel nincs, s ebben bizony, sajnos, alapvet\u0151 k\u00f6ze van egym\u00e1shoz az igazgat\u00f3 elvt\u00e1rsnak \u00e9s a f\u00e9rj n\u00e9lk\u00fcl maradt any\u00e1nak: ahol diktat\u00fara van, ott minden\u00fctt diktat\u00fara van. A feln\u0151ttek ontol\u00f3giai \u00e9rtelemben m\u00e1sok, idegenek a gyerekhez k\u00e9pest.<\/p>\n<p>A j\u00f3r\u00e9szt szem\u00e9lyis\u00e9g n\u00e9lk\u00fcli szerepeket alak\u00edt\u00f3 feln\u0151ttekkel szemben teh\u00e1t a gyerek saj\u00e1tosan k\u00edv\u00fcl \u00e1ll a rendszeren, meg persze bel\u00fcl is. Bel\u00fcl annyiban, hogy elviszik az apj\u00e1t, megverik, megb\u00fcntetik, teh\u00e1t rendelkeznek teste \u00e9s \u00e9letk\u00f6r\u00fclm\u00e9nyei felett. K\u00edv\u00fcl annyiban, hogy &#8211; nem jellembeli kiv\u00e1l\u00f3s\u00e1ga, hanem fenomen\u00e1lis gyermeks\u00e9ge r\u00e9v\u00e9n &#8211; nem f\u00e9rnek hozz\u00e1 lelk\u00e9hez, eml\u00e9keihez, apak\u00e9p\u00e9hez, mindahhoz, ami (ottliki \u00e9rtelemben) egy\u00e1ltal\u00e1n a szabads\u00e1got jelentheti a legsz\u0171k\u00f6sebb, legnyomorultabb k\u00fcls\u0151 felt\u00e9telek ellen\u00e9re is. S ez a bels\u0151 szabads\u00e1g egyfajta feln\u0151ttes tart\u00e1st ad neki, bizonyos \u00e9rtelemben feln\u0151ttebb\u00e9 v\u00e1lik a feln\u0151ttekn\u00e9l. P\u00e9ld\u00e1ul apja letart\u00f3ztat\u00e1sa ut\u00e1n egyed\u00fcl marad anyj\u00e1val, akinek \u00edgy nem csup\u00e1n gyermeke, de t\u00e1rsa is lesz. (A k\u00f6tet aj\u00e1nl\u00e1sa: &#8220;any\u00e1nak&#8221;.) Sz\u00e9p reg\u00e9nykezdet, hogy a fi\u00fa, mik\u00f6zben tulip\u00e1nt szed egy k\u00f6zt\u00e9ri vir\u00e1g\u00e1gy\u00e1sb\u00f3l, apja helyett anyj\u00e1nak kettej\u00fck h\u00e1zass\u00e1gi \u00e9vfordul\u00f3j\u00e1ra, egy\u00fattal visszaeml\u00e9kezik apja elsz\u00e1ll\u00edt\u00e1s\u00e1nak reggel\u00e9re, mintegy megid\u00e9zi a hi\u00e1nyz\u00f3 egyiket a jelen l\u00e9v\u0151 m\u00e1sik mell\u00e9. A fi\u00fa folyamatosan a k\u00fcls\u0151 k\u00e9nyszer hat\u00e1s\u00e1ra vagy ellen\u00e9ben cselekszik, \u00e9s ha \u00e9letkori f\u00fcgg\u0151s\u00e9ge ok\u00e1n enged is a k\u00e9nyszernek, saj\u00e1tos m\u00e9lt\u00f3s\u00e1ggal teszi azt. A k\u00fcls\u0151 k\u00e9nyszer \u00e9s a bels\u0151 szabads\u00e1g konfliktus\u00e1nak t\u00f6bbes\u00e9lyes fesz\u00fclts\u00e9gter\u00e9ben pedig, az ut\u00f3bbi jav\u00e1ra, leny\u0171g\u00f6z\u0151 szeml\u00e9leti \u00e9s nyelvi t\u00e1gass\u00e1g ny\u00edlik: egy hamar megpr\u00f3b\u00e1lt, s \u00edgy kor\u00e1n \u00e9r\u0151 gyermek tiszta, szenvtelen l\u00e1t\u00e1sm\u00f3dj\u00e1nak reg\u00e9nyszer\u0171 sz\u00f6vegk\u00f6vetkezm\u00e9nye, amely a m\u0171k\u00f6d\u00e9s logik\u00e1j\u00e1t tekintve eml\u00e9keztethet minket ak\u00e1r M\u00e9sz\u00f6ly Filmj\u00e9nek eml\u00e9kezetes n\u00e9z\u0151pontmozg\u00e1s\u00e1ra is, a kamer\u00e1\u00e9ra, amely l\u00e1t, \u00e9s nem komment\u00e1l.<\/p>\n<p>R\u00e1ad\u00e1sul, a komor alapt\u00f3nus ellen\u00e9re, id\u0151nk\u00e9nt &#8211; r\u00e9szben a gyermekl\u00e1t\u00f3sz\u00f6g t\u00e1gass\u00e1ga k\u00f6vetkezt\u00e9ben &#8211; Dragom\u00e1n k\u00f6nyve m\u00e9rs\u00e9kelten humoros is tud lenni, legink\u00e1bb tal\u00e1n a temet\u00e9si jelenet botr\u00e1ny\u00e1nak burleszkszer\u0171 le\u00edr\u00e1s\u00e1ban: az apa bilincsben, fegy\u0151r\u00f6k k\u00eds\u00e9ret\u00e9ben vesz r\u00e9szt a nagyapa \u00e1llami temet\u00e9s\u00e9n. Majd visszaviszik a Duna-csatorna munkat\u00e1bor\u00e1ba.<\/p>\n","protected":false},"excerpt":{"rendered":"<p>Az \u00edr\u00e1s az \u00c9S-ben jelent meg Dragom\u00e1n Gy\u00f6rgy m\u00e1sodik k\u00f6nyve, m\u0171faj\u00e1t tekintve, ahogyan azt k\u00f6tet\u00fcnk harmadik oldal\u00e1n olvashatjuk: &#8220;reg\u00e9ny&#8221;. Reg\u00e9ny, mivel a k\u00f6zelm\u00falt Rom\u00e1ni\u00e1j\u00e1ban j\u00e1tsz\u00f3d\u00f3, tizennyolc kisebb r\u00e9szbe t\u00f6rdelt t\u00f6rt\u00e9netnek, [&hellip;]<\/p>\n","protected":false},"author":1,"featured_media":0,"comment_status":"closed","ping_status":"open","sticky":false,"template":"","format":"standard","meta":{"footnotes":""},"categories":[9,8],"tags":[],"class_list":["post-45","post","type-post","status-publish","format-standard","hentry","category-a-feher-kiralyrol","category-kritikak","has_no_thumb"],"_links":{"self":[{"href":"https:\/\/gyorgydragoman.com\/index.php?rest_route=\/wp\/v2\/posts\/45","targetHints":{"allow":["GET"]}}],"collection":[{"href":"https:\/\/gyorgydragoman.com\/index.php?rest_route=\/wp\/v2\/posts"}],"about":[{"href":"https:\/\/gyorgydragoman.com\/index.php?rest_route=\/wp\/v2\/types\/post"}],"author":[{"embeddable":true,"href":"https:\/\/gyorgydragoman.com\/index.php?rest_route=\/wp\/v2\/users\/1"}],"replies":[{"embeddable":true,"href":"https:\/\/gyorgydragoman.com\/index.php?rest_route=%2Fwp%2Fv2%2Fcomments&post=45"}],"version-history":[{"count":0,"href":"https:\/\/gyorgydragoman.com\/index.php?rest_route=\/wp\/v2\/posts\/45\/revisions"}],"wp:attachment":[{"href":"https:\/\/gyorgydragoman.com\/index.php?rest_route=%2Fwp%2Fv2%2Fmedia&parent=45"}],"wp:term":[{"taxonomy":"category","embeddable":true,"href":"https:\/\/gyorgydragoman.com\/index.php?rest_route=%2Fwp%2Fv2%2Fcategories&post=45"},{"taxonomy":"post_tag","embeddable":true,"href":"https:\/\/gyorgydragoman.com\/index.php?rest_route=%2Fwp%2Fv2%2Ftags&post=45"}],"curies":[{"name":"wp","href":"https:\/\/api.w.org\/{rel}","templated":true}]}}