{"id":69,"date":"2006-06-01T09:20:52","date_gmt":"2006-06-01T08:20:52","guid":{"rendered":"http:\/\/thewhiteking.org\/?p=69"},"modified":"2009-11-05T16:06:29","modified_gmt":"2009-11-05T14:06:29","slug":"takacs-ferenc-az-emberi-allapot-a-feher-kiraly-vilagvege-novella-fejezeterol","status":"publish","type":"post","link":"https:\/\/gyorgydragoman.com\/?p=69","title":{"rendered":"Tak\u00e1cs Ferenc: Az emberi \u00e1llapot &#8211; A Feh\u00e9r Kir\u00e1ly Vil\u00e1gv\u00e9ge novella-fejezet\u00e9r\u0151l"},"content":{"rendered":"<blockquote><p>Forr\u00e1s: <a href=\"http:\/\/www.litera.hu\/hirek\/novellistak-konyve\">Novelist\u00e1k k\u00f6nyve<\/a><\/p><\/blockquote>\n<p>A gyerekkorra nosztalgikusan illik eml\u00e9kezni, a gyerekkort el\u00e9rz\u00e9keny\u00fclten szok\u00e1s felid\u00e9zni feln\u0151tt \u00edr\u00f3i fejjel, versben, pr\u00f3z\u00e1ban, ak\u00e1rmiben. B\u00e1rmennyire f\u00e1jdalmas volt is az \u00e9lm\u00e9ny, b\u00e1rmenynyire sz\u0171k\u00f6sek a k\u00f6r\u00fclm\u00e9nyek, gyermekkorunkban a hi\u00e1ny is \u00edg\u00e9ret, a megfosztat\u00e1s is adom\u00e1ny &#8211; hiszen egyel\u0151re korl\u00e1tlan lehet\u0151s\u00e9gek vagyunk, \u00e9ppen az\u00e9rt, mert m\u00e9g nem vagyunk k\u00e9szen, s \u00edgy a vil\u00e1got is elviselj\u00fck, m\u00e9g ha s\u00f6t\u00e9t arc\u00e1t mutatja is nek\u00fcnk.<!--more--> Hiszen hamarosan feln\u00f6v\u00fcnk, s akkor &#8211; nagyok, sz\u00e9pek \u00e9s er\u0151sek &#8211; majd rendbe tesz\u00fcnk mindent, a vil\u00e1got is, magunkat is.Kiv\u00e1l\u00f3 els\u0151 reg\u00e9nye, A puszt\u00edt\u00e1s k\u00f6nyve (2002) \u00f3ta Dragom\u00e1n Gy\u00f6rgy egy sor gyerekkor-novell\u00e1t tett k\u00f6zz\u00e9. A Vil\u00e1gv\u00e9ge is k\u00f6z\u00fcl\u00fck val\u00f3. M\u00e1r az els\u0151 szavak, a nyit\u00f3mondat fel\u00fct\u00e9se is nosztalgikus \u00e9s ismer\u0151s gyerekkor-novell\u00e1t \u00edg\u00e9r &#8211; a k\u00f6ly\u00f6kcsapat futballmeccse, a kapusokkal k\u00fcl\u00f6n is foglalkoz\u00f3 edz\u0151, a gondos \u00e9s f\u00e1radhatatlan \u201eGica b\u00e1&#8221;, mi lehet enn\u00e9l otthonosabb \u00e9s kedvesebb, ha eml\u00e9kezni t\u00e1m\u00e1d kedv\u00fcnk? De m\u00e9g a fel\u00e9n\u00e9l sem tartunk a novella ny\u00edt\u00f3mondat\u00e1nak, m\u00e1ris \u00e9szrevessz\u00fck: a gyermeki eml\u00e9kez\u00e9s otthonos \u00e9s kedves hangja, a nosztalgikus r\u00e9ved\u00e9s val\u00f3j\u00e1ban csal\u00f3ka l\u00e1tszat, gondosan kivitelezett \u00edr\u00f3i furfang. A mondat v\u00e9g\u00e9re ugyanis &#8211; \u00e9s ez ugyanaz a mondat, ugyanaz az eml\u00e9kez\u0151 hang &#8211; kider\u00fcl, hogy \u201eGica b\u00e1&#8221; szadista \u00e1mokfut\u00f3, a futballedz\u00e9s n\u00e1la \u00e9letvesz\u00e9lyes emberk\u00ednz\u00e1s, edz\u00e9si m\u00f3dszer\u00e9nek m\u00e1r hal\u00e1los \u00e1ldozata is volt. A feln\u0151tt csapatt\u00f3l eltiltott\u00e1k, csal\u00e1dja elhagyta, \u00e9let\u00e9nek egyetlen \u00e9rtelme maradt, a gyerekek gy\u00f6tr\u00e9se: \u00e9letvesz\u00e9lyes fenyeget\u00e9sekkel motiv\u00e1lja \u0151ket a gy\u0151zelemre, vasr\u00faddal hadon\u00e1szik, fejeket ver be. Az olvas\u00f3 h\u00f6kkenten \u00e9bred r\u00e1, hogy az ismer\u0151s \u00e9s nosztalgikus hang val\u00f3j\u00e1ban sz\u00f6rny\u0171s\u00e9gekre r\u00e9ved vissza, a gyermeki szavak m\u00e9ly\u00e9n az iszonyat n\u00e9mas\u00e1ga honol.S ugyan\u00edgy h\u00f6kkenten \u00e9bred\u00fcnk r\u00e1 a legnagyobb sz\u00f6rny\u0171s\u00e9gre \u00e9s iszonyatra: Csernobil m\u00e1snapj\u00e1n vagyunk, a futballmeccs el\u0151tt katon\u00e1k m\u00e9rik a sug\u00e1rz\u00e1st a p\u00e1ly\u00e1n. A parancsnok bizalmasan k\u00f6zli a k\u00e9t kapussal, az elbesz\u00e9l\u0151vel, aki csup\u00e1n tartal\u00e9k, \u00e9s bar\u00e1tj\u00e1val, Janik\u00e1val, aki az igazi, kijel\u00f6lt kapus, hogy mi t\u00f6rt\u00e9nt, s feljebbval\u00f3i abszurd utas\u00edt\u00e1s\u00e1t k\u00f6zvet\u00edti: a m\u00e9rk\u0151z\u00e9s term\u00e9szetesen nem maradhat el, de a kapus ker\u00fclje az \u00e9rintkez\u00e9st a j\u00e1t\u00e9k sor\u00e1n rengeteg radioakt\u00edv szennyez\u0151d\u00e9st mag\u00e1ra szed\u0151 futball-labd\u00e1val.Az elbesz\u00e9l\u00e9s v\u00e9gkifejlete val\u00f3s\u00e1gos atombomba-robban\u00e1s. A parancsnok hivatali esztelens\u00e9g\u00e9vel \u201eGica b\u00e1&#8221; a maga sz\u00f6rny-r\u00f6geszm\u00e9j\u00e9t szegzi szembe: a sport mindenek felett \u00e1ll, j\u00e1tszani, s\u0151t gy\u0151zni kell. Janika azonban fell\u00e1zad, m\u00e9gpedig a maga r\u00f6geszm\u00e9je jegy\u00e9ben: \u0151 jehovtsta apj\u00e1t\u00f3l \u00fagy tudja, hogy az atomrobban\u00e1s a vil\u00e1gv\u00e9ge elj\u00f6vetel\u00e9t jelenti, \u00fagyhogy neki kisebb gondja is nagyobb ann\u00e1l, hogy r\u00e9szt vegyen a m\u00e9rk\u0151z\u00e9sen. Az edz\u0151 ver\u00e9ssel pr\u00f3b\u00e1lja jobb bel\u00e1t\u00e1sra b\u00edrni, majd amikor Janika v\u00e9resre verve a f\u00f6ldre zuhan, az elbesz\u00e9l\u0151h\u00f6z r\u00fagja oda a labd\u00e1t, mondv\u00e1n, hogy \u0151 lesz a kapus.Az elbesz\u00e9l\u0151 egyed\u00fcl marad. Sz\u00e1m\u00e1ra ez a vil\u00e1gv\u00e9ge val\u00f3j\u00e1ban a vil\u00e1g kezdete. A r\u00f6geszm\u00e9k vil\u00e1g\u00e1\u00e9, az\u00e9 az esztelen, kegyetlen \u00e9s abszurd vil\u00e1g\u00e9, amely konkr\u00e9t vil\u00e1g persze, a mi r\u00e9gi\u00f3nk\u00e9 \u00e9s a mi \u00e9let\u00fcnk\u00e9, de &#8211; amint ez a vakmer\u0151en egyszer\u0171 eszk\u00f6z\u00f6kkel dolgoz\u00f3, \u00e1m tal\u00e1n \u00e9ppen ez\u00e9rt p\u00e1ratlanul gazdag \u00e9s sejtelmes erej\u0171 elbesz\u00e9l\u00e9s bizony\u00edtja &#8211; \u00e1ltal\u00e1nos \u00e1llapot is. A Vil\u00e1gv\u00e9ge, a gyerekkori pillanat rajza a szem\u00fcnk el\u0151tt n\u0151 fel szinte elviselhetetlen\u00fcl f\u00e1jdalmas, egyben higgadtan pontos l\u00e1tom\u00e1ss\u00e1 a teljes condition humane-r\u0151i; arr\u00f3l a vil\u00e1gr\u00f3l, ahol se nagyok, se sz\u00e9pek, se er\u0151sek nem lehet\u00fcnk, de amellyel legal\u00e1bb szembe kell n\u00e9zn\u00fcnk, m\u00e9gpedig \u00fagy, ahogy Dragom\u00e1n elbesz\u00e9l\u00e9se teszi.<\/p>\n","protected":false},"excerpt":{"rendered":"<p>Forr\u00e1s: Novelist\u00e1k k\u00f6nyve A gyerekkorra nosztalgikusan illik eml\u00e9kezni, a gyerekkort el\u00e9rz\u00e9keny\u00fclten szok\u00e1s felid\u00e9zni feln\u0151tt \u00edr\u00f3i fejjel, versben, pr\u00f3z\u00e1ban, ak\u00e1rmiben. B\u00e1rmennyire f\u00e1jdalmas volt is az \u00e9lm\u00e9ny, b\u00e1rmenynyire sz\u0171k\u00f6sek a k\u00f6r\u00fclm\u00e9nyek, gyermekkorunkban [&hellip;]<\/p>\n","protected":false},"author":1,"featured_media":0,"comment_status":"closed","ping_status":"open","sticky":false,"template":"","format":"standard","meta":{"footnotes":""},"categories":[9,8],"tags":[],"class_list":["post-69","post","type-post","status-publish","format-standard","hentry","category-a-feher-kiralyrol","category-kritikak","has_no_thumb"],"_links":{"self":[{"href":"https:\/\/gyorgydragoman.com\/index.php?rest_route=\/wp\/v2\/posts\/69","targetHints":{"allow":["GET"]}}],"collection":[{"href":"https:\/\/gyorgydragoman.com\/index.php?rest_route=\/wp\/v2\/posts"}],"about":[{"href":"https:\/\/gyorgydragoman.com\/index.php?rest_route=\/wp\/v2\/types\/post"}],"author":[{"embeddable":true,"href":"https:\/\/gyorgydragoman.com\/index.php?rest_route=\/wp\/v2\/users\/1"}],"replies":[{"embeddable":true,"href":"https:\/\/gyorgydragoman.com\/index.php?rest_route=%2Fwp%2Fv2%2Fcomments&post=69"}],"version-history":[{"count":0,"href":"https:\/\/gyorgydragoman.com\/index.php?rest_route=\/wp\/v2\/posts\/69\/revisions"}],"wp:attachment":[{"href":"https:\/\/gyorgydragoman.com\/index.php?rest_route=%2Fwp%2Fv2%2Fmedia&parent=69"}],"wp:term":[{"taxonomy":"category","embeddable":true,"href":"https:\/\/gyorgydragoman.com\/index.php?rest_route=%2Fwp%2Fv2%2Fcategories&post=69"},{"taxonomy":"post_tag","embeddable":true,"href":"https:\/\/gyorgydragoman.com\/index.php?rest_route=%2Fwp%2Fv2%2Ftags&post=69"}],"curies":[{"name":"wp","href":"https:\/\/api.w.org\/{rel}","templated":true}]}}