{"id":948,"date":"2014-12-28T17:29:49","date_gmt":"2014-12-28T15:29:49","guid":{"rendered":"http:\/\/gyorgydragoman.com\/?p=948"},"modified":"2014-12-28T17:29:49","modified_gmt":"2014-12-28T15:29:49","slug":"dragoman-gyorgy-beavatkozas","status":"publish","type":"post","link":"https:\/\/gyorgydragoman.com\/?p=948","title":{"rendered":"Dragom\u00e1n Gy\u00f6rgy: Beavatkoz\u00e1s"},"content":{"rendered":"<p>\u00dcdv\u00f6zl\u00f6m. <\/p>\n<p>El\u0151sz\u00f6r is szeretn\u00e9m megk\u00f6sz\u00f6nni a bizalmat, azt, hogy engem v\u00e1lasztott, az \u00e9n kezembe adta a sors\u00e1t \u00e9s a j\u00f6v\u0151j\u00e9t. Lehet, hogy a k\u00f6r\u00fclm\u00e9nyekb\u0151l ad\u00f3d\u00f3an k\u00e9ts\u00e9gek gy\u00f6trik, de ne agg\u00f3djon, helyesen d\u00f6nt\u00f6tt.<\/p>\n<p>Tudom, els\u0151re kicsit ijeszt\u0151en hangzik, de att\u00f3l, hogy amat\u0151r agyseb\u00e9sz vagyok, m\u00e9g oper\u00e1lhatok motorf\u0171r\u00e9sszel. \u00c9s ne j\u00f6jj\u00f6n nekem azzal, hogy nem beteg, nincs semmi baja, v\u00e9letlen\u00fcl hozt\u00e1k be, t\u00e9ved\u00e9sb\u0151l ker\u00fclt ide, nem tehet r\u00f3la, hogy ide sz\u00fcletett, vagy ha esetleg valaha m\u00e9g beteg lett volna is, akkor is meggy\u00f3gyult m\u00e1r r\u00e9gen, teljesen j\u00f3l \u00e9rzi mag\u00e1t. <\/p>\n<p>Ezek csak \u00f3cska kifog\u00e1sok, vagy ha udvariatlan akarn\u00e9k lenni, akkor \u00fagy is fogalmazhatn\u00e9k, hogy mocskos hazugs\u00e1gok. De \u00e9n egy udvarias ember vagyok, udvarias, t\u00fcrelmes, j\u00f3indulat\u00fa \u00e9s nyugodt, nagyon kev\u00e9s dolog tud csak kihozni a sodromb\u00f3l.<\/p>\n<p>Besz\u00e9lhet \u00e9s kiab\u00e1lhat, k\u00e1r f\u00e1rasztania mag\u00e1t, \u00e9n nem vagyok vak, pontosan l\u00e1tom, hogy maga a beteg\u00e1gyban fekszik. Abban az \u00e1gyban, amit a betegek r\u00e9sz\u00e9re tartunk fenn, ott ahol a betegek szoktak fek\u00fcdni. Ott fekszik, teh\u00e1t beteg. A t\u00e9nyek, azok t\u00e9nyek. K\u00e9rem ne besz\u00e9ljen nekem k\u00f6rk\u00f6r\u00f6s logik\u00e1r\u00f3l. A k\u0151r a legszebb, legterm\u00e9szetesebb, leg\u0151sibb forma. Nem kockafejek vagyunk, ugyeb\u00e1r? Lehet, hogy ezt most m\u00e9g nem \u00e9rti, de a beavatkoz\u00e1s ut\u00e1n egy\u00e9rtelm\u0171en be fogja l\u00e1tni.<\/p>\n<p>Nagyon k\u00e9rem, ne pr\u00f3b\u00e1ljon ilyen g\u00f6rcs\u00f6sen ragaszkodni ahhoz a r\u00f6geszm\u00e9hez, hogy maga nem beteg.    Ahogy m\u00e1r mondtam, a beteg\u00e1gyban a betegek fekszenek. Maga a beteg\u00e1gyban fekszik. Ugye egy\u00e9rtelm\u0171, hogy mi k\u00f6vetkezik ebb\u0151l? Nem akarom el\u00f6lr\u0151l kezdeni.<\/p>\n<p>F\u00f6l\u00f6sleges kiab\u00e1lni. Mondtam, hogy nem tud kihozni a sodromb\u00f3l. \u00c9n meg\u00e9rtem mag\u00e1t, a reakci\u00f3i teljesen term\u00e9szetesek, m\u00e9g ha n\u00e9mileg elt\u00falzottak is. Amikor el\u0151ker\u00fcl a motorf\u0171r\u00e9sz, mind azt mondj\u00e1k, hogy nem betegek. Ha nem beteg, akkor tess\u00e9k, keljen fel. <\/p>\n<p>Keljen fel \u00e9s j\u00e1rjon!<\/p>\n<p>Na ugye, hogy nem tud? <\/p>\n<p>A sz\u00edjak miatt? A sz\u00edjak \u00e9s a l\u00e1ncok az\u00e9rt kellenek, hogy nehogy k\u00e1rt tegyen mag\u00e1ban. A maga \u00e9rdek\u00e9ben. K\u00e9pzelje el mi lenne, ha m\u0171t\u00e9t k\u00f6zben kap\u00e1l\u00f3zni vagy r\u00fagkap\u00e1lni kezdene, vagy ne adj isten ide oda r\u00e1ngatn\u00e1 a fej\u00e9t. Ebbe jobb nem is belegondolni. <\/p>\n<p>Nem-nem, a sz\u00edjjakra meg a l\u00e1ncokra sz\u00fcks\u00e9g van. A maga \u00e9rdek\u00e9ben. Ne is tagadja, l\u00e1tom mag\u00e1n, hogy ha nem lenne az \u00e1gyhoz sz\u00edjazva akkor most r\u00f6gt\u00f6n felpattanna nekem, \u00e9s elrohanna. \u00c9n meg itt \u00e1lln\u00e9k, felk\u00e9sz\u00fclve, bemosakodva, f\u00f6l\u00f6slegesen. Nem, err\u0151l sz\u00f3 sem lehet, az \u00e9n id\u0151m ehhez t\u00fal dr\u00e1ga. Kirohanna innen nagy d\u00e9rrel-durral, hogy azt\u00e1n ott kint vacogjon pizsam\u00e1ban az utc\u00e1n, mint valami szerencs\u00e9tlen hajl\u00e9ktalan. <\/p>\n<p>A sz\u00edjjak \u00e9s a l\u00e1ncok a bizalom jelk\u00e9pei, azt mutatj\u00e1k, hogy k\u00f6lcs\u00f6n\u00f6sen megb\u00edzunk egym\u00e1sban. Ha nem \u00edgy lenne, nem lenn\u00e9nk itt, de itt vagyunk, teh\u00e1t nyilv\u00e1nval\u00f3, hogy \u00edgy van. Abb\u00f3l, hogy hozz\u00e1m ker\u00fclt, nyilv\u00e1nval\u00f3, hogy engem v\u00e1lasztott, bel\u00e9m helyezte a bizalm\u00e1t, \u00e9s \u00e9n ezt a bizalmat bizalommal h\u00e1l\u00e1lom meg, nem titkolok el semmit, m\u00e9g a beavatkoz\u00e1s el\u0151tt elmondom az \u00f6sszes r\u00e9szletet: a f\u0171r\u00e9szt p\u00e9ld\u00e1ul \u00e9n tal\u00e1ltam fel, els\u0151 r\u00e1n\u00e9z\u00e9sre nem is l\u00e1tszik rajta, \u00fagy n\u00e9z ki, mint egy hagyom\u00e1nyos motorf\u00fcr\u00e9sz, de ha jobban megn\u00e9zi, akkor mindj\u00e1rt l\u00e1tja, hogy van rajta egy forradalmi \u00faj\u00edt\u00e1s, epoxi gyant\u00e1ba kevert nanom\u00e9ret\u0171 obszidi\u00e1nt\u00f6mel\u00e9kkel vontam be l\u00e1nc szemein a v\u00e1g\u00f3 \u00e9leket, ez egy nagyon takar\u00e9kos \u00e9s fomabont\u00f3 megold\u00e1s, \u0151sis\u00e9g \u00e9s moderns\u00e9g fantasztikus f\u00fazi\u00f3ja, szer\u00e9nytelens\u00e9g n\u00e9lk\u00fcl mondhatom, hogy az ezer\u00e9ves hagyom\u00e1ny \u00e9s az \u0171rkorszak technol\u00f3giai megold\u00e1sai \u00f6tv\u00f6z\u0151dnek benne, ha akarom egy tolpih\u00e9t is hatvann\u00e9gybe v\u00e1ghatok a seg\u00edts\u00e9g\u00e9vel, de ezt a tolpih\u00e9t egy\u00e9bk\u00e9nt csak \u00fagy szimbolikusan mondtam, ne gondolja, hogy tolpih\u00e9kkal szoktam boh\u00f3ckodni, az igazi kih\u00edv\u00e1st term\u00e9szetesen az \u00e9l\u0151 sz\u00f6vet jelenti, higgye el, hogy ezzel a f\u0171r\u00e9sszel ha akarom gy\u00f6ny\u00f6r\u0171en ki tudom csipk\u00e9zni a neuronokat, majd \u00e9rezni fogja, ha t\u00fal lesz\u00fcnk a beavatkoz\u00e1son, \u00fagy v\u00e1g majd az esze, mint a borotva.<\/p>\n<p>Azt mondja szeretn\u00e9 k\u00f6zelebbr\u0151l megn\u00e9zni? Hogy sz\u00edvesen k\u00e9zbe is fogn\u00e1? <\/p>\n<p>Azt elhiszem, t\u00e9nyleg fantasztikusan sz\u00e9p eszk\u00f6z. De sajnos nem adhatom a kez\u00e9be, nem rendelkezik a megfelel\u0151 k\u00e9pes\u00edt\u00e9ssel hozz\u00e1. Hogy \u00f6n is amat\u0151r? Lehet, lehet, de nem el\u00e9gg\u00e9. Vannak amat\u0151r\u00f6k \u00e9s amat\u0151rebbek, \u00e9s az a val\u00f3s\u00e1g, hogy ehhez a kifinomult eszk\u00f6zh\u00f6z \u00f6n nem el\u00e9g amat\u0151r. De m\u00e9g ha esetleg az is lenne, akkor se adhatn\u00e1m a kez\u00e9be, mert ahhoz ki kellene oldozni a l\u00e1ncokat meg a sz\u00edjakat. Ez pedig ugye, lehetetlen. Eml\u00e9kszik, megbesz\u00e9lt\u00fck, hogy ezek a k\u00f6tel\u00e9kek a bizalom jelk\u00e9pei, ha kibontan\u00e1m \u0151ket az s\u00falyos bizalomveszt\u00e9st jelezne a r\u00e9szemr\u0151l, \u00e9s err\u0151l nincsen sz\u00f3. \u00c9n teljes m\u00e9rt\u00e9kben megb\u00edzom mag\u00e1ban.<\/p>\n<p>L\u00e1ssa be, a sz\u00edjjakra sz\u00fcks\u00e9g van, k\u00fcl\u00f6n\u00f6sen ilyenkor, amikor nem haszn\u00e1lunk \u00e9rz\u00e9stelen\u00edt\u00e9st. <\/p>\n<p>Nagyon sz\u00e9pen k\u00e9rem, ne tegyen \u00fagy, mintha ezt most hallan\u00e1 el\u0151sz\u00f6r. Megbesz\u00e9lt\u00fck, hogy semmi sz\u00fcks\u00e9g f\u00f6l\u00f6sleges sallangokra, a l\u00e9nyegre koncentr\u00e1lunk. A lehet\u0151 leghat\u00e9konyabbak lesz\u00fcnk, \u00e9s ez a k\u00f6lts\u00e9gekre is \u00e9rv\u00e9nyes, ami hat\u00e9kony, az k\u00f6lts\u00e9ghat\u00e9kony. Az agyban k\u00fcl\u00f6nben sincsenek f\u00e1jdalom receptorok, \u00fagyhogy m\u00e9g ha f\u00e1jna is a beavatkoz\u00e1s, azt maga \u00fagysem \u00e9rezn\u00e9. \u00dagyhogy k\u00e9rem nyugodjon meg, vegyen egy nagy leveg\u0151t, mindj\u00e1rt \u00e1ttolom a m\u0171t\u0151be. <\/p>\n<p>M\u00e9g egyszer mondom, f\u0151 a bizalom, \u00fagyhogy nem \u00edg\u00e9rem, hogy nem fog f\u00e1jni.<\/p>\n<blockquote><p>Ezt a sz\u00f6veget a litera.hu \u00e9l\u0151szilveszter\u00e9n olvastam fel, ha j\u00f3l eml\u00e9kszem 2012-ben. <\/p><\/blockquote>\n<div class=\"getty embed image\" style=\"background-color:#fff;display:inline-block;font-family:'Helvetica Neue',Arial,sans-serif;color:#a7a7a7;font-size:11px;width:100%;max-width:336px;\">\n<div style=\"overflow:hidden;position:relative;height:0;padding:151.785714% 0 0 0;width:100%;\"><iframe loading=\"lazy\" src=\"\/\/embed.gettyimages.com\/embed\/172177859?et=3m3LCn66SnNcK4sqUNSaCw&#038;socialOnLoad=off&#038;sig=y2uhdGO815Hv_KMhZUYBNddOfKt7wF0FjkaynqulNHA=\" width=\"336\" height=\"510\" scrolling=\"no\" frameborder=\"0\" style=\"display:inline-block;position:absolute;top:0;left:0;width:100%;height:100%;\"><\/iframe><\/div>\n<p style=\"margin:0;\">\n<div style=\"padding:0;margin:0 0 0 10px;text-align:left;\"><a href=\"http:\/\/www.gettyimages.com\/detail\/172177859\" target=\"_blank\" style=\"color:#a7a7a7;text-decoration:none;font-weight:normal !important;border:none;display:inline-block;\">View image<\/a> | <a href=\"http:\/\/www.gettyimages.com\" target=\"_blank\" style=\"color:#a7a7a7;text-decoration:none;font-weight:normal !important;border:none;display:inline-block;\">gettyimages.com<\/a><\/div>\n<\/div>\n","protected":false},"excerpt":{"rendered":"<p>Tudom, els\u0151re kicsit ijeszt\u0151en hangzik, de att\u00f3l, hogy amat\u0151r agyseb\u00e9sz vagyok, m\u00e9g oper\u00e1lhatok motorf\u0171r\u00e9sszel. \u00c9s ne j\u00f6jj\u00f6n nekem azzal, hogy nem beteg, nincs semmi baja, v\u00e9letlen\u00fcl hozt\u00e1k be, t\u00e9ved\u00e9sb\u0151l ker\u00fclt ide, nem tehet r\u00f3la, hogy ide sz\u00fcletett<\/p>\n","protected":false},"author":1,"featured_media":949,"comment_status":"closed","ping_status":"closed","sticky":false,"template":"","format":"standard","meta":{"footnotes":""},"categories":[6,5],"tags":[112,113],"class_list":["post-948","post","type-post","status-publish","format-standard","has-post-thumbnail","hentry","category-irasok","category-novellak","tag-litera","tag-szilveszter","has_thumb"],"_links":{"self":[{"href":"https:\/\/gyorgydragoman.com\/index.php?rest_route=\/wp\/v2\/posts\/948","targetHints":{"allow":["GET"]}}],"collection":[{"href":"https:\/\/gyorgydragoman.com\/index.php?rest_route=\/wp\/v2\/posts"}],"about":[{"href":"https:\/\/gyorgydragoman.com\/index.php?rest_route=\/wp\/v2\/types\/post"}],"author":[{"embeddable":true,"href":"https:\/\/gyorgydragoman.com\/index.php?rest_route=\/wp\/v2\/users\/1"}],"replies":[{"embeddable":true,"href":"https:\/\/gyorgydragoman.com\/index.php?rest_route=%2Fwp%2Fv2%2Fcomments&post=948"}],"version-history":[{"count":1,"href":"https:\/\/gyorgydragoman.com\/index.php?rest_route=\/wp\/v2\/posts\/948\/revisions"}],"predecessor-version":[{"id":950,"href":"https:\/\/gyorgydragoman.com\/index.php?rest_route=\/wp\/v2\/posts\/948\/revisions\/950"}],"wp:featuredmedia":[{"embeddable":true,"href":"https:\/\/gyorgydragoman.com\/index.php?rest_route=\/wp\/v2\/media\/949"}],"wp:attachment":[{"href":"https:\/\/gyorgydragoman.com\/index.php?rest_route=%2Fwp%2Fv2%2Fmedia&parent=948"}],"wp:term":[{"taxonomy":"category","embeddable":true,"href":"https:\/\/gyorgydragoman.com\/index.php?rest_route=%2Fwp%2Fv2%2Fcategories&post=948"},{"taxonomy":"post_tag","embeddable":true,"href":"https:\/\/gyorgydragoman.com\/index.php?rest_route=%2Fwp%2Fv2%2Ftags&post=948"}],"curies":[{"name":"wp","href":"https:\/\/api.w.org\/{rel}","templated":true}]}}